{"id":2283,"date":"2012-04-27T17:13:12","date_gmt":"2012-04-27T20:13:12","guid":{"rendered":"http:\/\/ultimato.com.br\/sites\/paralelo10\/?p=2283"},"modified":"2012-05-04T13:58:26","modified_gmt":"2012-05-04T16:58:26","slug":"por-onde-anda-o-conversa-paralela","status":"publish","type":"post","link":"https:\/\/ultimato.com.br\/sites\/paralelo10\/2012\/04\/por-onde-anda-o-conversa-paralela\/","title":{"rendered":"Por onde anda o &#8220;Conversa Paralela&#8221;?"},"content":{"rendered":"<p><a href=\"http:\/\/ultimato.com.br\/sites\/paralelo10\/files\/2012\/04\/interrogacao.jpg\" class=\"lightview\" data-lightview-group=\"group-2283\" data-lightview-options=\"skin: 'dark', controls: 'relative', padding: '10', shadow: { color: '#000000', opacity: 0.08, blur: 3 }\" data-lightview-title=\"interrogacao\"><img loading=\"lazy\" decoding=\"async\" class=\"alignright size-full wp-image-2284\" title=\"interrogacao\" src=\"http:\/\/ultimato.com.br\/sites\/paralelo10\/files\/2012\/04\/interrogacao.jpg\" alt=\"\" width=\"300\" height=\"300\" srcset=\"https:\/\/ultimato.com.br\/sites\/paralelo10\/files\/2012\/04\/interrogacao.jpg 300w, https:\/\/ultimato.com.br\/sites\/paralelo10\/files\/2012\/04\/interrogacao-150x150.jpg 150w, https:\/\/ultimato.com.br\/sites\/paralelo10\/files\/2012\/04\/interrogacao-80x80.jpg 80w\" sizes=\"auto, (max-width: 300px) 100vw, 300px\" \/><\/a>Amigo leitor,<\/p>\n<p>Voc\u00ea deve estar sentindo falta do nosso querido boletim eletr\u00f4nico <em>Conversa Paralela<\/em>. De fato n\u00e3o o enviamos h\u00e1 algumas semanas e aproveito a oportunidade para informar que ele ficar\u00e1 suspenso por mais um tempo. A suspens\u00e3o se deve a uma mudan\u00e7a no n\u00facleo Web da Editora Ultimato que voltar\u00e1 a prepar\u00e1-lo em breve, assim que forem realizados alguns ajustes necess\u00e1rios.<\/p>\n<p>Mas n\u00e3o deixe de nos visitar aqui no blog e divulgar o conte\u00fado do <strong>Paralelo 10<\/strong> entre seus conhecidos. Contamos com voc\u00eas!<\/p>\n<p>Um abra\u00e7o!<\/p>\n<p><em>Ivny Monteiro<\/em><\/p>\n","protected":false},"excerpt":{"rendered":"<p>Amigo leitor, Voc\u00ea deve estar sentindo falta do nosso querido boletim eletr\u00f4nico Conversa Paralela. De fato n\u00e3o o enviamos h\u00e1 algumas semanas e aproveito a oportunidade para informar que ele ficar\u00e1 suspenso por mais um tempo. A suspens\u00e3o se deve a uma mudan\u00e7a no n\u00facleo Web da Editora Ultimato que voltar\u00e1 a prepar\u00e1-lo em breve, [&hellip;]<\/p>\n","protected":false},"author":2,"featured_media":0,"comment_status":"open","ping_status":"open","sticky":false,"template":"","format":"standard","meta":{"ngg_post_thumbnail":0,"footnotes":""},"categories":[7],"tags":[],"class_list":["post-2283","post","type-post","status-publish","format-standard","hentry","category-noticias"],"_links":{"self":[{"href":"https:\/\/ultimato.com.br\/sites\/paralelo10\/wp-json\/wp\/v2\/posts\/2283","targetHints":{"allow":["GET"]}}],"collection":[{"href":"https:\/\/ultimato.com.br\/sites\/paralelo10\/wp-json\/wp\/v2\/posts"}],"about":[{"href":"https:\/\/ultimato.com.br\/sites\/paralelo10\/wp-json\/wp\/v2\/types\/post"}],"author":[{"embeddable":true,"href":"https:\/\/ultimato.com.br\/sites\/paralelo10\/wp-json\/wp\/v2\/users\/2"}],"replies":[{"embeddable":true,"href":"https:\/\/ultimato.com.br\/sites\/paralelo10\/wp-json\/wp\/v2\/comments?post=2283"}],"version-history":[{"count":2,"href":"https:\/\/ultimato.com.br\/sites\/paralelo10\/wp-json\/wp\/v2\/posts\/2283\/revisions"}],"predecessor-version":[{"id":2289,"href":"https:\/\/ultimato.com.br\/sites\/paralelo10\/wp-json\/wp\/v2\/posts\/2283\/revisions\/2289"}],"wp:attachment":[{"href":"https:\/\/ultimato.com.br\/sites\/paralelo10\/wp-json\/wp\/v2\/media?parent=2283"}],"wp:term":[{"taxonomy":"category","embeddable":true,"href":"https:\/\/ultimato.com.br\/sites\/paralelo10\/wp-json\/wp\/v2\/categories?post=2283"},{"taxonomy":"post_tag","embeddable":true,"href":"https:\/\/ultimato.com.br\/sites\/paralelo10\/wp-json\/wp\/v2\/tags?post=2283"}],"curies":[{"name":"wp","href":"https:\/\/api.w.org\/{rel}","templated":true}]}}