{"id":2008,"date":"2012-01-23T07:00:23","date_gmt":"2012-01-23T10:00:23","guid":{"rendered":"http:\/\/ultimato.com.br\/sites\/paralelo10\/?p=2008"},"modified":"2012-01-23T09:32:39","modified_gmt":"2012-01-23T12:32:39","slug":"anunciai-a-sua-salvacao-de-dia-em-dia","status":"publish","type":"post","link":"https:\/\/ultimato.com.br\/sites\/paralelo10\/2012\/01\/anunciai-a-sua-salvacao-de-dia-em-dia\/","title":{"rendered":"Anunciai a sua salva\u00e7\u00e3o de dia em dia"},"content":{"rendered":"<blockquote><p>\u201c&#8230;anunciai a sua salva\u00e7\u00e3o de dia em dia\u201d<br \/>\nSalmo 96:2<\/p><\/blockquote>\n<p>A evangeliza\u00e7\u00e3o \u00e9 vista muitas vezes de forma equivocada por muitos crentes: como uma \u201catividade de igreja\u201d, ou seja, aquela realizada para a igreja, na igreja e com a igreja. O preju\u00edzo dessa vis\u00e3o \u00e9 o pensamento de que fora da igreja, na sua individualidade, a evangeliza\u00e7\u00e3o n\u00e3o \u00e9 necess\u00e1ria nem obrigat\u00f3ria. Outro preju\u00edzo \u00e9 pensar que, ao participar de atividades evangelizadoras na igreja e com a igreja, voc\u00ea j\u00e1 cumpriu o seu papel, de forma a ficar despreocupado com sua agenda fora dali. Para exemplificar isso, basta algu\u00e9m pensar que saindo para evangelizar com a igreja em dia e hora marcada, sua cota de participa\u00e7\u00e3o do m\u00eas j\u00e1 foi alcan\u00e7ada, n\u00e3o precisando fazer mais nada!<!--more--><\/p>\n<p>Esse pensamento equivocado n\u00e3o \u00e9 fruto apenas de interpreta\u00e7\u00f5es e conclus\u00f5es isoladas dos crentes, mas tamb\u00e9m da forma como muitos l\u00edderes conduzem e ensinam as suas igrejas. Tenho encontrado muitos colegas se queixando do pouco interesse de seu rebanho na evangeliza\u00e7\u00e3o, mas ao fazermos uma anamnese hist\u00f3rica e situacional da igreja, fica evidente que o comportamento do rebanho \u00e9 resultado dos est\u00edmulos que s\u00e3o produzidos pela pr\u00f3pria lideran\u00e7a eclesial. Afinal, n\u00e3o ensinamos apenas falando.<\/p>\n<p>Segundo a express\u00e3o imperativa do salmista no texto de abertura, somos convocados a anunciar a salva\u00e7\u00e3o do Senhor a todos os moradores da Terra. Esse anuncio n\u00e3o est\u00e1 posto como a\u00e7\u00e3o sugestiva ou opcional. A tarefa do povo salvo de Deus \u00e9 comunicar \u00e0s demais pessoas que o Senhor salva. O texto tamb\u00e9m n\u00e3o analisa se os moradores da terra j\u00e1 conhecem ou n\u00e3o a salva\u00e7\u00e3o que vem de Deus. O mandamento determina que a a\u00e7\u00e3o se realize at\u00e9 que seja poss\u00edvel ver seus resultados: mais moradores da terra salvos! Ou seja, temos que anunciar e anunciar, havendo ou n\u00e3o convers\u00f5es, mas com o objetivo que haja!<\/p>\n<p>Por fim, o texto em quest\u00e3o desfaz o equ\u00edvoco dos crentes que enxergam a evangeliza\u00e7\u00e3o como \u201catividade de igreja\u201d; pois a a\u00e7\u00e3o de anunciar a salva\u00e7\u00e3o, n\u00e3o \u00e9 apresentada como tarefa coletiva do povo de Israel, mas como a\u00e7\u00e3o individual de cada um diante de Deus; e essa a\u00e7\u00e3o deveria vir acompanhada de um esfor\u00e7o di\u00e1rio, ou seja, realizada todos os dias, em qualquer lugar, a qualquer pessoa e em qualquer situa\u00e7\u00e3o: \u201c&#8230;anunciai a sua salva\u00e7\u00e3o de dia em dia\u201d.<\/p>\n<p>Afirmo que evangelizar na e com a igreja \u00e9 muito bom, mas essa \u00e9 uma tarefa que deve se transformar naturalmente num estilo de vida do crist\u00e3o que ama ao Senhor. N\u00e3o desperdice as oportunidades que sua igreja ou conven\u00e7\u00e3o promover, mas n\u00e3o se limite a elas. N\u00e3o espere por elas e n\u00e3o dependa delas para anunciar a salva\u00e7\u00e3o do Senhor a quem e a onde Ele te enviar. Afinal, cada um dar\u00e1 contas de si&#8230;.<\/p>\n<p>Que Deus nos d\u00ea uma excelente semana de evangeliza\u00e7\u00e3o!<\/p>\n<p>_________<\/p>\n<p><strong>Eraldo Gueiros<\/strong> \u00e9 pastor da Igreja Presbiteriana em Jord\u00e3o Alto, Recife, PE.<\/p>\n","protected":false},"excerpt":{"rendered":"<p>\u201c&#8230;anunciai a sua salva\u00e7\u00e3o de dia em dia\u201d Salmo 96:2 A evangeliza\u00e7\u00e3o \u00e9 vista muitas vezes de forma equivocada por muitos crentes: como uma \u201catividade de igreja\u201d, ou seja, aquela realizada para a igreja, na igreja e com a igreja. O preju\u00edzo dessa vis\u00e3o \u00e9 o pensamento de que fora da igreja, na sua individualidade, [&hellip;]<\/p>\n","protected":false},"author":2,"featured_media":0,"comment_status":"open","ping_status":"open","sticky":false,"template":"","format":"standard","meta":{"ngg_post_thumbnail":0,"footnotes":""},"categories":[32],"tags":[],"class_list":["post-2008","post","type-post","status-publish","format-standard","hentry","category-reflexoes"],"_links":{"self":[{"href":"https:\/\/ultimato.com.br\/sites\/paralelo10\/wp-json\/wp\/v2\/posts\/2008","targetHints":{"allow":["GET"]}}],"collection":[{"href":"https:\/\/ultimato.com.br\/sites\/paralelo10\/wp-json\/wp\/v2\/posts"}],"about":[{"href":"https:\/\/ultimato.com.br\/sites\/paralelo10\/wp-json\/wp\/v2\/types\/post"}],"author":[{"embeddable":true,"href":"https:\/\/ultimato.com.br\/sites\/paralelo10\/wp-json\/wp\/v2\/users\/2"}],"replies":[{"embeddable":true,"href":"https:\/\/ultimato.com.br\/sites\/paralelo10\/wp-json\/wp\/v2\/comments?post=2008"}],"version-history":[{"count":4,"href":"https:\/\/ultimato.com.br\/sites\/paralelo10\/wp-json\/wp\/v2\/posts\/2008\/revisions"}],"predecessor-version":[{"id":2017,"href":"https:\/\/ultimato.com.br\/sites\/paralelo10\/wp-json\/wp\/v2\/posts\/2008\/revisions\/2017"}],"wp:attachment":[{"href":"https:\/\/ultimato.com.br\/sites\/paralelo10\/wp-json\/wp\/v2\/media?parent=2008"}],"wp:term":[{"taxonomy":"category","embeddable":true,"href":"https:\/\/ultimato.com.br\/sites\/paralelo10\/wp-json\/wp\/v2\/categories?post=2008"},{"taxonomy":"post_tag","embeddable":true,"href":"https:\/\/ultimato.com.br\/sites\/paralelo10\/wp-json\/wp\/v2\/tags?post=2008"}],"curies":[{"name":"wp","href":"https:\/\/api.w.org\/{rel}","templated":true}]}}