{"id":2001,"date":"2012-01-13T05:44:58","date_gmt":"2012-01-13T08:44:58","guid":{"rendered":"http:\/\/ultimato.com.br\/sites\/paralelo10\/?p=2001"},"modified":"2012-01-12T10:21:20","modified_gmt":"2012-01-12T13:21:20","slug":"recife-sedia-1%c2%ba-encontro-nacional-pelo-direito-a-comunicacao","status":"publish","type":"post","link":"https:\/\/ultimato.com.br\/sites\/paralelo10\/2012\/01\/recife-sedia-1%c2%ba-encontro-nacional-pelo-direito-a-comunicacao\/","title":{"rendered":"Recife sedia 1\u00ba Encontro Nacional pelo Direito \u00e0 Comunica\u00e7\u00e3o"},"content":{"rendered":"<p><a href=\"http:\/\/ultimato.com.br\/sites\/paralelo10\/files\/2012\/01\/12_01_endc.jpg\" class=\"lightview\" data-lightview-group=\"group-2001\" data-lightview-options=\"skin: 'dark', controls: 'relative', padding: '10', shadow: { color: '#000000', opacity: 0.08, blur: 3 }\" data-lightview-title=\"marca\"><img loading=\"lazy\" decoding=\"async\" class=\"alignright size-full wp-image-2002\" title=\"marca\" src=\"http:\/\/ultimato.com.br\/sites\/paralelo10\/files\/2012\/01\/12_01_endc.jpg\" alt=\"\" width=\"186\" height=\"167\" srcset=\"https:\/\/ultimato.com.br\/sites\/paralelo10\/files\/2012\/01\/12_01_endc.jpg 186w, https:\/\/ultimato.com.br\/sites\/paralelo10\/files\/2012\/01\/12_01_endc-150x134.jpg 150w\" sizes=\"auto, (max-width: 186px) 100vw, 186px\" \/><\/a>(<a href=\"http:\/\/www.brasildefato.com.br\/node\/8593\" target=\"_blank\">Brasil De Fato<\/a>, com informa\u00e7\u00f5es do <a href=\"http:\/\/www.direitoacomunicacao.org.br\/index.php\" target=\"_blank\">Observat\u00f3rio do Direito \u00e0 Comunica\u00e7\u00e3o<\/a>)\u00a0Acontecer\u00e1 entre os dias 9 e 11 de fevereiro na Universidade Cat\u00f3lica de Pernambuco o I Encontro Nacional pelo Direito \u00e0 Comunica\u00e7\u00e3o (ENDC). Organizado pelo Centro de Cultura Luz Freire (CCLF), tem como apoiadores entidades que exercem pr\u00e1ticas profundas de transforma\u00e7\u00e3o social. Ivan Moraes, coordenador do CCLF, sintetiza porque o ENDC j\u00e1 atingiu a marca de 300 participantes inscritos: &#8220;\u00c9 um momento especial, ano passado foi de muita a\u00e7\u00e3o e articula\u00e7\u00e3o. Existe um espectro grande de grupos praticando ou discutindo a comunica\u00e7\u00e3o enquanto direito&#8221;.<!--more--><\/p>\n<p>Os exemplos para Ivan est\u00e3o em espa\u00e7os de incid\u00eancia tradicionais como a plen\u00e1ria do F\u00f3rum Nacional pela Democratiza\u00e7\u00e3o da Comunica\u00e7\u00e3o (FNDC), ocorrida em dezembro de 2011, e tamb\u00e9m em sujeitos que atuam na &#8220;nova pol\u00edtica&#8221; das marchas e redes sociais e buscam modelos mais horizontais de participa\u00e7\u00e3o. &#8220;O que se espera desse encontro \u00e9 que esses sujeitos possam se reconhecer como personagens da mesma luta&#8221;, almeja.<\/p>\n<p>O met\u00f3do \u00e9 um dos pilares para angariar tanta gente diferente. Debates, grupos de trabalho e atividades autogestionadas ir\u00e3o compor a programa\u00e7\u00e3o do encontro. Para Paulo Victor Melo, membro da coordena\u00e7\u00e3o do <a href=\"http:\/\/www.intervozes.org.br\/\" target=\"_blank\">Intervozes<\/a>, a metodologia ir\u00e1 propiciar uma maior troca para a busca de uma a\u00e7\u00e3o pol\u00edtica mais conjunta. &#8220;A ideia \u00e9 que o encontro convirja as agendas e pautas das diversas organiza\u00e7\u00f5es e milit\u00e2ncias onde o direito \u00e1 comunica\u00e7\u00e3o \u00e9 um tema central&#8221;, afirma.<\/p>\n<p>Na constru\u00e7\u00e3o tamb\u00e9m se preza pela colabora\u00e7\u00e3o. As reuni\u00f5es da comiss\u00e3o organizadora s\u00e3o abertas e no site <a href=\"http:\/\/www.endc.org.br\/\" target=\"_blank\">www.endc.org.br<\/a> \u00e9 poss\u00edvel inscrever atividades at\u00e9 o dia 20 de janeiro, sem o peso das sele\u00e7\u00f5es: &#8220;N\u00e3o vamos fazer concurso para as melhores atividades, mas o que for proposto, vamos atuar para ser legitimado da melhor forma&#8221;, tranquilza Ivan. J\u00e1 os interessados poder\u00e3o se inscrever gratuitamente at\u00e9 o dia 30 de janeiro.<\/p>\n<p>Entre os temas e pr\u00e1ticas convencionais, o marco regulat\u00f3rio das comunica\u00e7\u00f5es ser\u00e1 tema de mesa de debates e contar\u00e1 com a presen\u00e7a de Rosane Berttoti, nova coordenadora geral do FNDC. Com expectativas pela nova fun\u00e7\u00e3o, Rosane ressalta os desafios para culminar no marco regulat\u00f3rio: &#8220;O FNDC tem que ser o elo para articular diversos atores, com pensamento t\u00e1tico diferenciado, a partir do tipo de cada organiza\u00e7\u00e3o. O grande desafio \u00e9 articular o que tem de melhor nessa diversidade&#8221;.<\/p>\n","protected":false},"excerpt":{"rendered":"<p>(Brasil De Fato, com informa\u00e7\u00f5es do Observat\u00f3rio do Direito \u00e0 Comunica\u00e7\u00e3o)\u00a0Acontecer\u00e1 entre os dias 9 e 11 de fevereiro na Universidade Cat\u00f3lica de Pernambuco o I Encontro Nacional pelo Direito \u00e0 Comunica\u00e7\u00e3o (ENDC). Organizado pelo Centro de Cultura Luz Freire (CCLF), tem como apoiadores entidades que exercem pr\u00e1ticas profundas de transforma\u00e7\u00e3o social. Ivan Moraes, coordenador [&hellip;]<\/p>\n","protected":false},"author":2,"featured_media":0,"comment_status":"open","ping_status":"open","sticky":false,"template":"","format":"standard","meta":{"ngg_post_thumbnail":0,"footnotes":""},"categories":[1],"tags":[],"class_list":["post-2001","post","type-post","status-publish","format-standard","hentry","category-uncategorized"],"_links":{"self":[{"href":"https:\/\/ultimato.com.br\/sites\/paralelo10\/wp-json\/wp\/v2\/posts\/2001","targetHints":{"allow":["GET"]}}],"collection":[{"href":"https:\/\/ultimato.com.br\/sites\/paralelo10\/wp-json\/wp\/v2\/posts"}],"about":[{"href":"https:\/\/ultimato.com.br\/sites\/paralelo10\/wp-json\/wp\/v2\/types\/post"}],"author":[{"embeddable":true,"href":"https:\/\/ultimato.com.br\/sites\/paralelo10\/wp-json\/wp\/v2\/users\/2"}],"replies":[{"embeddable":true,"href":"https:\/\/ultimato.com.br\/sites\/paralelo10\/wp-json\/wp\/v2\/comments?post=2001"}],"version-history":[{"count":2,"href":"https:\/\/ultimato.com.br\/sites\/paralelo10\/wp-json\/wp\/v2\/posts\/2001\/revisions"}],"predecessor-version":[{"id":2004,"href":"https:\/\/ultimato.com.br\/sites\/paralelo10\/wp-json\/wp\/v2\/posts\/2001\/revisions\/2004"}],"wp:attachment":[{"href":"https:\/\/ultimato.com.br\/sites\/paralelo10\/wp-json\/wp\/v2\/media?parent=2001"}],"wp:term":[{"taxonomy":"category","embeddable":true,"href":"https:\/\/ultimato.com.br\/sites\/paralelo10\/wp-json\/wp\/v2\/categories?post=2001"},{"taxonomy":"post_tag","embeddable":true,"href":"https:\/\/ultimato.com.br\/sites\/paralelo10\/wp-json\/wp\/v2\/tags?post=2001"}],"curies":[{"name":"wp","href":"https:\/\/api.w.org\/{rel}","templated":true}]}}