{"id":1985,"date":"2012-01-09T15:03:25","date_gmt":"2012-01-09T18:03:25","guid":{"rendered":"http:\/\/ultimato.com.br\/sites\/paralelo10\/?p=1985"},"modified":"2012-01-09T15:03:41","modified_gmt":"2012-01-09T18:03:41","slug":"para-pastores-obreiros-e-lideres","status":"publish","type":"post","link":"https:\/\/ultimato.com.br\/sites\/paralelo10\/2012\/01\/para-pastores-obreiros-e-lideres\/","title":{"rendered":"Para pastores, obreiros e l\u00edderes"},"content":{"rendered":"<p><a href=\"http:\/\/ultimato.com.br\/sites\/paralelo10\/files\/2012\/01\/09_01_SEDEC.jpg\" class=\"lightview\" data-lightview-group=\"group-1985\" data-lightview-options=\"skin: 'dark', controls: 'relative', padding: '10', shadow: { color: '#000000', opacity: 0.08, blur: 3 }\"><img loading=\"lazy\" decoding=\"async\" class=\"alignright size-full wp-image-1986\" src=\"http:\/\/ultimato.com.br\/sites\/paralelo10\/files\/2012\/01\/09_01_SEDEC.jpg\" alt=\"\" width=\"260\" height=\"368\" srcset=\"https:\/\/ultimato.com.br\/sites\/paralelo10\/files\/2012\/01\/09_01_SEDEC.jpg 724w, https:\/\/ultimato.com.br\/sites\/paralelo10\/files\/2012\/01\/09_01_SEDEC-212x300.jpg 212w, https:\/\/ultimato.com.br\/sites\/paralelo10\/files\/2012\/01\/09_01_SEDEC-106x150.jpg 106w\" sizes=\"auto, (max-width: 260px) 100vw, 260px\" \/><\/a>Acontece entre os dias 23 e 27 de janeiro\u00a0em Felipe Camar\u00e3o, Natal (RN), o Semin\u00e1rio Intensivo de Desenvolvimento Comunit\u00e1rio (SEDEC).\u00a0O Semin\u00e1rio visa despertar as lideran\u00e7as locais para a tarefa de transforma\u00e7\u00e3o das comunidades empobrecidas, trazendo o Reino de Deus em toda sua plenitude e equipando l\u00edderes ao minist\u00e9rio de desenvolvimento integral. O SEDEC \u00e9 um curso intensivo de uma semana direcionado a organiza\u00e7\u00f5es, igrejas e indiv\u00edduos que desejam atuar na \u00e1rea de Desenvolvimento Comunit\u00e1rio e miss\u00e3o integral.<\/p>\n<p>O SEDEC possui duas &#8220;etapas&#8221;: a te\u00f3rica e a pr\u00e1tica. Na \u00e1rea te\u00f3rica do curso ser\u00e3o tratados os seguintes temas: &#8220;Cosmovis\u00e3o Crist\u00e3 e Transforma\u00e7\u00e3o&#8221;; &#8220;Base B\u00edblica da A\u00e7\u00e3o Social Crist\u00e3&#8221;, &#8220;Princ\u00edpios de Desenvolvimento Comunit\u00e1rio&#8221;, &#8220;Os pobres de Deus &#8211; uma breve an\u00e1lise b\u00edblica sobre os pobres&#8221;, &#8220;Tipos de Ajuda&#8221;, \u201cEspiando a Terra \u2013 conhecendo a comunidade\u201d, entre outros. A \u00e1rea pr\u00e1tica, que ocupa aproximadamente 40% da semana \u00e9 o Projeto Semente, uma ferramenta de planejamento de pequenas interven\u00e7\u00f5es de servi\u00e7o pr\u00e1tico na comunidade. Os estudantes do curso s\u00e3o divididos em grupos de at\u00e9 10, e ensinados a efetuar o planejamento nos moldes do Projeto Semente. A seguir eles devem axecutar o projeto nas comunidades do bairro.<!--more--><\/p>\n<p><strong>Preletores<\/strong><\/p>\n<p>\u00b7Mauricio Cunha \u2013 Diretor de Programas e Minist\u00e9rio da Vis\u00e3o Mundial Brasil, co-autor dos livros <a href=\"http:\/\/www.ultimato.com.br\/loja\/produtos\/o-reino-entre-nos\" target=\"_blank\">O Reino entre N\u00f3s &#8211; Transforma\u00e7\u00e3o de Comunidades pelo Evangelho Integral<\/a> e <a href=\"http:\/\/www.ultimato.com.br\/loja\/produtos\/cosmovisao-crista-e-transformacao\" target=\"_blank\">Cosmovis\u00e3o Crist\u00e3 e Transforma\u00e7\u00e3o<\/a> (ambos pela <strong>Editora Ultimato<\/strong>)<\/p>\n<p>Marcel Lins Camargo \u2013 Diretor do Centro de Desenvolvimento e Assist\u00eancia Integral (Fazenda Rio Grande &#8211; PA), respons\u00e1vel pelo in\u00edcio e aperfei\u00e7oamento de 17 minist\u00e9rios em 10 estados brasileiros<\/p>\n<p><strong>Servi\u00e7o<\/strong><\/p>\n<p>Carga Hor\u00e1ria: 60 horas\/aula<br \/>\nVagas: 50<br \/>\nInvestimento: R$ 170,00 (com direito a todas as refei\u00e7\u00f5es, certificado, material did\u00e1tico)<br \/>\nMais informa\u00e7\u00f5es: <a href=\"leandro_amme@yahoo.com.br\" target=\"_blank\">leandro_amme@yahoo.com.br<\/a> ou (84) 9914-1762 (Vivo), (84) 9930-4601 (Tim) ou (84) 9953-9560 (Vivo)<\/p>\n","protected":false},"excerpt":{"rendered":"<p>Acontece entre os dias 23 e 27 de janeiro\u00a0em Felipe Camar\u00e3o, Natal (RN), o Semin\u00e1rio Intensivo de Desenvolvimento Comunit\u00e1rio (SEDEC).\u00a0O Semin\u00e1rio visa despertar as lideran\u00e7as locais para a tarefa de transforma\u00e7\u00e3o das comunidades empobrecidas, trazendo o Reino de Deus em toda sua plenitude e equipando l\u00edderes ao minist\u00e9rio de desenvolvimento integral. O SEDEC \u00e9 um [&hellip;]<\/p>\n","protected":false},"author":2,"featured_media":0,"comment_status":"open","ping_status":"open","sticky":false,"template":"","format":"standard","meta":{"ngg_post_thumbnail":0,"footnotes":""},"categories":[7],"tags":[],"class_list":["post-1985","post","type-post","status-publish","format-standard","hentry","category-noticias"],"_links":{"self":[{"href":"https:\/\/ultimato.com.br\/sites\/paralelo10\/wp-json\/wp\/v2\/posts\/1985","targetHints":{"allow":["GET"]}}],"collection":[{"href":"https:\/\/ultimato.com.br\/sites\/paralelo10\/wp-json\/wp\/v2\/posts"}],"about":[{"href":"https:\/\/ultimato.com.br\/sites\/paralelo10\/wp-json\/wp\/v2\/types\/post"}],"author":[{"embeddable":true,"href":"https:\/\/ultimato.com.br\/sites\/paralelo10\/wp-json\/wp\/v2\/users\/2"}],"replies":[{"embeddable":true,"href":"https:\/\/ultimato.com.br\/sites\/paralelo10\/wp-json\/wp\/v2\/comments?post=1985"}],"version-history":[{"count":2,"href":"https:\/\/ultimato.com.br\/sites\/paralelo10\/wp-json\/wp\/v2\/posts\/1985\/revisions"}],"predecessor-version":[{"id":1988,"href":"https:\/\/ultimato.com.br\/sites\/paralelo10\/wp-json\/wp\/v2\/posts\/1985\/revisions\/1988"}],"wp:attachment":[{"href":"https:\/\/ultimato.com.br\/sites\/paralelo10\/wp-json\/wp\/v2\/media?parent=1985"}],"wp:term":[{"taxonomy":"category","embeddable":true,"href":"https:\/\/ultimato.com.br\/sites\/paralelo10\/wp-json\/wp\/v2\/categories?post=1985"},{"taxonomy":"post_tag","embeddable":true,"href":"https:\/\/ultimato.com.br\/sites\/paralelo10\/wp-json\/wp\/v2\/tags?post=1985"}],"curies":[{"name":"wp","href":"https:\/\/api.w.org\/{rel}","templated":true}]}}