{"id":1939,"date":"2011-12-07T10:40:11","date_gmt":"2011-12-07T13:40:11","guid":{"rendered":"http:\/\/ultimato.com.br\/sites\/paralelo10\/?p=1939"},"modified":"2011-12-05T11:54:27","modified_gmt":"2011-12-05T14:54:27","slug":"natal-dos-ribeirinhos","status":"publish","type":"post","link":"https:\/\/ultimato.com.br\/sites\/paralelo10\/2011\/12\/natal-dos-ribeirinhos\/","title":{"rendered":"Natal dos ribeirinhos"},"content":{"rendered":"<p>Pelo d\u00e9cimo ano consecutivo, a Sociedade B\u00edblica do Brasil (SBB) promove a campanha <strong>Natal dos Ribeirinhos<\/strong>. A iniciativa tem o objetivo de mobilizar empresas, organiza\u00e7\u00f5es e sociedade civil em torno de uma causa: possibilitar que cerca de mil ribeirinhos da regi\u00e3o amaz\u00f4nica celebrem o Natal com esperan\u00e7a de uma vida melhor, por meio da educa\u00e7\u00e3o e da espiritualidade. \u201cO foco de nossa a\u00e7\u00e3o s\u00e3o as comunidades do estado do Par\u00e1 atendidas pelo programa Luz na Amaz\u00f4nia, para que recebam um pouco de conforto material e espiritual, mas agora, de forma efetiva e continuada. Estamos empenhados para que esta a\u00e7\u00e3o tenha efeito impactante e duradouro para a vida dos beneficiados\u201d, destaca Ern\u00ed Seibert, secret\u00e1rio de Comunica\u00e7\u00e3o e A\u00e7\u00e3o Social da SBB, antecipando a novidade deste ano.<\/p>\n<p>Realizada em \u00e2mbito nacional, a campanha tem como foco a educa\u00e7\u00e3o. A escolha aconteceu em fun\u00e7\u00e3o do n\u00famero expressivo de crian\u00e7as e jovens, al\u00e9m de adultos, sem nenhuma escolaridade na regi\u00e3o. Baixos n\u00edveis de escolaridade levam a uma renda baixa, o que, por sua vez, contribui para que as crian\u00e7as frequentem pouco a escola, perpetuando o ciclo da pobreza.<!--more--><\/p>\n<p>O objetivo da campanha \u00e9 mobilizar recursos, especialmente material escolar, roupas, sapatos, l\u00e1pis de cor e brinquedos, em prol de um Natal feliz e disseminador de valores crist\u00e3os aos alunos e fam\u00edlias de comunidades ribeirinhas. Este ano, a meta \u00e9 beneficiar 14 comunidades carentes localizadas nos munic\u00edpios de Bel\u00e9m, Acar\u00e1, Barcarena e Bujaru, totalizando 600 fam\u00edlias alcan\u00e7adas.<\/p>\n<p>As ofertas de material poder\u00e3o ser realizadas no posto de arrecada\u00e7\u00e3o da Secretaria Regional da SBB de Bel\u00e9m (Av. Assis de Vasconcelos, 356 &#8211; Campina).\u00a0Mais informa\u00e7\u00f5es podem ser obtidas pelo telefone 0800-727-8888 ou pelo e-mail <a href=\"relacionamento@sbb.org.br\" target=\"_blank\">relacionamento@sbb.org.br<\/a>. Link para o v\u00eddeo da campanha:<\/p>\n<p style=\"text-align: center;\">&#8211;<img src=\"https:\/\/ultimato.com.br\/sites\/paralelo10\/wp-content\/plugins\/lightview-plus\/img\/novideo.png\" width=\"300\" height=\"168\" alt=\"Video not available\" \/><br \/><div style=\"background-color:#FFC0CB; border:1px solid silver; color:#110000; margin:0 0 1.5em; overflow:auto; padding: 3px;\">\n\t\t\t\t\t\t\t\t<strong>Provider:<\/strong>  <br \/>\n\t\t\t\t\t\t\t\t<strong>Title:<\/strong>  <br \/>\n\t\t\t\t\t\t\t\t<strong>Thumbnail URL:<\/strong>  <br \/>\n\t\t\t\t\t\t\t\t<strong>Embed URL:<\/strong>  <br \/>\n\t\t\t\t\t\t\t\t<strong>Link:<\/strong>  <br \/>\n\t\t\t\t\t\t\t\t<strong>Width:<\/strong>  px<br \/>\n\t\t\t\t\t\t\t\t<strong>Height:<\/strong>  px<br \/>\n\t\t\t\t\t\t\t\t<strong>Got data @:<\/strong> 26.4.2026 21:20:20<br \/>\n\t\t\t\t\t\t\t<\/div>&#8211;<\/p>\n<p>&nbsp;<\/p>\n","protected":false},"excerpt":{"rendered":"<p>Pelo d\u00e9cimo ano consecutivo, a Sociedade B\u00edblica do Brasil (SBB) promove a campanha Natal dos Ribeirinhos. A iniciativa tem o objetivo de mobilizar empresas, organiza\u00e7\u00f5es e sociedade civil em torno de uma causa: possibilitar que cerca de mil ribeirinhos da regi\u00e3o amaz\u00f4nica celebrem o Natal com esperan\u00e7a de uma vida melhor, por meio da educa\u00e7\u00e3o [&hellip;]<\/p>\n","protected":false},"author":2,"featured_media":0,"comment_status":"open","ping_status":"open","sticky":false,"template":"","format":"standard","meta":{"ngg_post_thumbnail":0,"footnotes":""},"categories":[7],"tags":[],"class_list":["post-1939","post","type-post","status-publish","format-standard","hentry","category-noticias"],"_links":{"self":[{"href":"https:\/\/ultimato.com.br\/sites\/paralelo10\/wp-json\/wp\/v2\/posts\/1939","targetHints":{"allow":["GET"]}}],"collection":[{"href":"https:\/\/ultimato.com.br\/sites\/paralelo10\/wp-json\/wp\/v2\/posts"}],"about":[{"href":"https:\/\/ultimato.com.br\/sites\/paralelo10\/wp-json\/wp\/v2\/types\/post"}],"author":[{"embeddable":true,"href":"https:\/\/ultimato.com.br\/sites\/paralelo10\/wp-json\/wp\/v2\/users\/2"}],"replies":[{"embeddable":true,"href":"https:\/\/ultimato.com.br\/sites\/paralelo10\/wp-json\/wp\/v2\/comments?post=1939"}],"version-history":[{"count":1,"href":"https:\/\/ultimato.com.br\/sites\/paralelo10\/wp-json\/wp\/v2\/posts\/1939\/revisions"}],"predecessor-version":[{"id":1940,"href":"https:\/\/ultimato.com.br\/sites\/paralelo10\/wp-json\/wp\/v2\/posts\/1939\/revisions\/1940"}],"wp:attachment":[{"href":"https:\/\/ultimato.com.br\/sites\/paralelo10\/wp-json\/wp\/v2\/media?parent=1939"}],"wp:term":[{"taxonomy":"category","embeddable":true,"href":"https:\/\/ultimato.com.br\/sites\/paralelo10\/wp-json\/wp\/v2\/categories?post=1939"},{"taxonomy":"post_tag","embeddable":true,"href":"https:\/\/ultimato.com.br\/sites\/paralelo10\/wp-json\/wp\/v2\/tags?post=1939"}],"curies":[{"name":"wp","href":"https:\/\/api.w.org\/{rel}","templated":true}]}}