{"id":1929,"date":"2011-12-02T15:10:09","date_gmt":"2011-12-02T18:10:09","guid":{"rendered":"http:\/\/ultimato.com.br\/sites\/paralelo10\/?p=1929"},"modified":"2011-12-02T15:10:09","modified_gmt":"2011-12-02T18:10:09","slug":"o-nordeste-e-a-desigualdade-social","status":"publish","type":"post","link":"https:\/\/ultimato.com.br\/sites\/paralelo10\/2011\/12\/o-nordeste-e-a-desigualdade-social\/","title":{"rendered":"O Nordeste e a desigualdade social"},"content":{"rendered":"<p><a href=\"http:\/\/ultimato.com.br\/sites\/paralelo10\/files\/2011\/12\/02_12_nordeste.jpg\" class=\"lightview\" data-lightview-group=\"group-1929\" data-lightview-options=\"skin: 'dark', controls: 'relative', padding: '10', shadow: { color: '#000000', opacity: 0.08, blur: 3 }\" data-lightview-title=\"\"><img loading=\"lazy\" decoding=\"async\" class=\"alignleft size-full wp-image-1930\" title=\"\" src=\"http:\/\/ultimato.com.br\/sites\/paralelo10\/files\/2011\/12\/02_12_nordeste.jpg\" alt=\"\" width=\"299\" height=\"200\" srcset=\"https:\/\/ultimato.com.br\/sites\/paralelo10\/files\/2011\/12\/02_12_nordeste.jpg 299w, https:\/\/ultimato.com.br\/sites\/paralelo10\/files\/2011\/12\/02_12_nordeste-150x100.jpg 150w\" sizes=\"auto, (max-width: 299px) 100vw, 299px\" \/><\/a>A pol\u00edtica social do Governo Federal \u00e9 a de um pa\u00eds sem mis\u00e9ria, que infelizmente tem se tornado um contra-senso, j\u00e1 que os \u00faltimos dados do Censo Demogr\u00e1fico revelaram que metade da popula\u00e7\u00e3o brasileira vive com menos de um sal\u00e1rio m\u00ednimo. Ainda que a economia do Brasil seja a s\u00e9tima maior do mundo, o contraste social impera em nosso pa\u00eds. E a situa\u00e7\u00e3o fica mais dr\u00e1stica quando a regi\u00e3o analisada \u00e9 o Nordeste.<\/p>\n<p>O Mapa de Pobreza e Desigualdade do Instituto Brasileiro de Geografia e Estat\u00edstica (IBGE), mostra que o Nordeste tem maiores dificuldades para vencer a barreira da linha de pobreza no pa\u00eds. A popula\u00e7\u00e3o nordestina sente a falta de acesso aos direitos de participa\u00e7\u00e3o da vida social, pol\u00edtica e cultural de onde vive. Exemplo disto, foi a realiza\u00e7\u00e3o de uma Confer\u00eancia Municipal de Direitos da Crian\u00e7a e do Adolescente, na cidade de Vit\u00f3ria da Conquista &#8211; Bahia, onde n\u00e3o houve participa\u00e7\u00e3o popular, apenas delegados escolhidos pelo poder municipal puderam participar da Confer\u00eancia. Mas, se os direitos s\u00e3o da crian\u00e7a e do adolescente, aonde est\u00e3o estas crian\u00e7as e estes adolescentes?<!--more--><\/p>\n<p>O Nordeste ainda \u00e9 uma regi\u00e3o chefiada por coron\u00e9is pol\u00edticos que privam \u00e0 popula\u00e7\u00e3o de uma vida digna. E o agravante deste cen\u00e1rio \u00e9 perceber que o aparelhamento do Estado \u00e9 composto por pol\u00edticos desta categoria. Pol\u00edticos corruptos que est\u00e3o sendo contemplados pelas benesses do poder. A desigualdade social n\u00e3o \u00e9 meramente uma quest\u00e3o de distribui\u00e7\u00e3o de renda, mas antes, passa pela urg\u00eancia do combate \u00e0 corrup\u00e7\u00e3o, onde a impunidade n\u00e3o seja a palavra final.<\/p>\n<p>O Nordeste a depender dos pol\u00edticos corruptos continuar\u00e1 sendo uma regi\u00e3o de desigualdades e contrastes sociais, todavia, eu acredito que a depender do cidad\u00e3o honesto, que n\u00e3o se envergonha do trabalho bra\u00e7al, que levanta ainda de madrugada para desempenhar com vigor o seu trabalho, da m\u00e3e que por causa dos filhos se aventura em v\u00e1rias atividades, da for\u00e7a de vontade estampada em cada nordestino e nordestina, por causa destes, o Nordeste pode ser diferente.<\/p>\n<p>O Nordeste, assim como o Brasil, precisa de menos propagandas eleitoreiras e mais resultados concretos, afinal de contas, n\u00e3o vivemos em um pa\u00eds de propagandas, vivemos em um pa\u00eds real, que por mais que n\u00e3o queiramos, possui uma das maiores desigualdades sociais do mundo, e os mais desiguais est\u00e3o aqui, no Nordeste.<\/p>\n<p>____________<\/p>\n<p><strong>Ivan Cordeiro<\/strong> tem 26 anos, \u00e9 administrador e te\u00f3logo, mora em Vit\u00f3ria da Conquista (BA). \u00c9 respons\u00e1vel pelos sites: <a href=\"www.bomlider.com.br\">www.bomlider.com.br<\/a> e <a href=\"www.ivancordeiro.blogspot.com\" target=\"_blank\">www.ivancordeiro.blogspot.com<\/a><\/p>\n","protected":false},"excerpt":{"rendered":"<p>A pol\u00edtica social do Governo Federal \u00e9 a de um pa\u00eds sem mis\u00e9ria, que infelizmente tem se tornado um contra-senso, j\u00e1 que os \u00faltimos dados do Censo Demogr\u00e1fico revelaram que metade da popula\u00e7\u00e3o brasileira vive com menos de um sal\u00e1rio m\u00ednimo. Ainda que a economia do Brasil seja a s\u00e9tima maior do mundo, o contraste [&hellip;]<\/p>\n","protected":false},"author":2,"featured_media":0,"comment_status":"open","ping_status":"open","sticky":false,"template":"","format":"standard","meta":{"ngg_post_thumbnail":0,"footnotes":""},"categories":[32],"tags":[],"class_list":["post-1929","post","type-post","status-publish","format-standard","hentry","category-reflexoes"],"_links":{"self":[{"href":"https:\/\/ultimato.com.br\/sites\/paralelo10\/wp-json\/wp\/v2\/posts\/1929","targetHints":{"allow":["GET"]}}],"collection":[{"href":"https:\/\/ultimato.com.br\/sites\/paralelo10\/wp-json\/wp\/v2\/posts"}],"about":[{"href":"https:\/\/ultimato.com.br\/sites\/paralelo10\/wp-json\/wp\/v2\/types\/post"}],"author":[{"embeddable":true,"href":"https:\/\/ultimato.com.br\/sites\/paralelo10\/wp-json\/wp\/v2\/users\/2"}],"replies":[{"embeddable":true,"href":"https:\/\/ultimato.com.br\/sites\/paralelo10\/wp-json\/wp\/v2\/comments?post=1929"}],"version-history":[{"count":2,"href":"https:\/\/ultimato.com.br\/sites\/paralelo10\/wp-json\/wp\/v2\/posts\/1929\/revisions"}],"predecessor-version":[{"id":1932,"href":"https:\/\/ultimato.com.br\/sites\/paralelo10\/wp-json\/wp\/v2\/posts\/1929\/revisions\/1932"}],"wp:attachment":[{"href":"https:\/\/ultimato.com.br\/sites\/paralelo10\/wp-json\/wp\/v2\/media?parent=1929"}],"wp:term":[{"taxonomy":"category","embeddable":true,"href":"https:\/\/ultimato.com.br\/sites\/paralelo10\/wp-json\/wp\/v2\/categories?post=1929"},{"taxonomy":"post_tag","embeddable":true,"href":"https:\/\/ultimato.com.br\/sites\/paralelo10\/wp-json\/wp\/v2\/tags?post=1929"}],"curies":[{"name":"wp","href":"https:\/\/api.w.org\/{rel}","templated":true}]}}