{"id":1859,"date":"2011-10-31T15:33:15","date_gmt":"2011-10-31T18:33:15","guid":{"rendered":"http:\/\/ultimato.com.br\/sites\/paralelo10\/?p=1859"},"modified":"2012-06-27T09:46:26","modified_gmt":"2012-06-27T12:46:26","slug":"1859","status":"publish","type":"post","link":"https:\/\/ultimato.com.br\/sites\/paralelo10\/2011\/10\/1859\/","title":{"rendered":"Semear sempre, n\u00e3o importam as condi\u00e7\u00f5es"},"content":{"rendered":"<blockquote><p>E falou-lhes de muitas coisas por par\u00e1bolas, dizendo: Eis que o semeador saiu a semear&#8230;\u201d<br \/>\nMateus 13:3<\/p><\/blockquote>\n<p><a href=\"http:\/\/ultimato.com.br\/sites\/paralelo10\/files\/2011\/10\/31_10_semente_blogJovem.jpg\" class=\"lightview\" data-lightview-group=\"group-1859\" data-lightview-options=\"skin: 'dark', controls: 'relative', padding: '10', shadow: { color: '#000000', opacity: 0.08, blur: 3 }\"><img loading=\"lazy\" decoding=\"async\" class=\"alignleft size-thumbnail wp-image-1860\" src=\"http:\/\/ultimato.com.br\/sites\/paralelo10\/files\/2011\/10\/31_10_semente_blogJovem-150x150.jpg\" alt=\"\" width=\"150\" height=\"150\" srcset=\"https:\/\/ultimato.com.br\/sites\/paralelo10\/files\/2011\/10\/31_10_semente_blogJovem-150x150.jpg 150w, https:\/\/ultimato.com.br\/sites\/paralelo10\/files\/2011\/10\/31_10_semente_blogJovem-80x80.jpg 80w\" sizes=\"auto, (max-width: 150px) 100vw, 150px\" \/><\/a>J\u00e1 ouvi muitos serm\u00f5es e estudos acerca da par\u00e1bola do Semeador. \u00c9 fato que cada um delas trouxe uma boa contribui\u00e7\u00e3o para a melhor compreens\u00e3o do texto. Lembro que antes de pensar em ir para um semin\u00e1rio, eu j\u00e1 tinha uma ideia simples, mas objetiva do texto. Os anos se passaram, mas ela continuou firme: <strong>nossa miss\u00e3o \u00e9 semear sem olhar a quem e onde<\/strong>!<\/p>\n<p>Escuto pessoas dando mais motivos para n\u00e3o evangelizar ali ou acol\u00e1 do que para evangelizar. Os motivos s\u00e3o variados: n\u00e3o devemos fazer assim; n\u00e3o devemos buscar aquele ambiente; n\u00e3o \u00e9 aquele p\u00fablico alvo; se fizermos isso, outra igreja ser\u00e1 beneficiada; n\u00e3o estamos preparados para encarar esses desafios; e por ai vai.<!--more--><\/p>\n<p>Penso que a par\u00e1bola deixa claro tr\u00eas verdades absolutas. <strong>Primeiro: <\/strong>eu n\u00e3o tenho a capacidade de avaliar eficientemente o solo para justificar se \u00e9 v\u00e1lido ou n\u00e3o semear ali. O Semeador da par\u00e1bola n\u00e3o fez distin\u00e7\u00e3o dos solos. Simplesmente saiu para semear e as sementes foram caindo. <strong>Segundo:<\/strong> n\u00e3o foi dado ao Semeador a responsabilidade de frutificar a semente, apenas a de semear. O vento sopra aonde quer, \u00e9 o pr\u00f3prio Deus que nos surpreende fazendo suas sementes frutificarem aonde ele considera solo f\u00e9rtil. <strong>Terceiro: <\/strong>a par\u00e1bola n\u00e3o determina a inefici\u00eancia da semeadura em solos rochosos ou espinhosos. A par\u00e1bola deixa claro que onde quer que a semente caia, ir\u00e1 frutificar de alguma forma. Ela mostra que alguns solos ser\u00e3o mais dif\u00edceis de manter a semeadura, mas a Palavra nunca voltar\u00e1 vazia.<\/p>\n<p>Conhe\u00e7o muitas pessoas que tiveram seu primeiro contato com o Evangelho quando ainda eram &#8220;solos&#8221; assim (espinhosos ou rochosos), de forma que num primeiro momento a semente demorou para se consolidar. Com o passar do tempo, algum sofrimento e muita perseveran\u00e7a, ela finalmente cresceu e frutificou. Aleluia!<\/p>\n<p>Nossa maior preocupa\u00e7\u00e3o tem de ser a neglig\u00eancia da semeadura e n\u00e3o o solo! N\u00e3o podemos desviar o foco principal de nossos minist\u00e9rios, nem sobrecarregar nossa agenda eclesi\u00e1stica com programa\u00e7\u00f5es secund\u00e1rias, que terminam por roubar nosso tempo de semear em vidas que n\u00e3o conhecem o Senhor.Use melhor o seu tempo, e aonde estiver e diante de quem for, pregue a Palavra!Que Deus te d\u00ea uma excelente semana de evangeliza\u00e7\u00e3o!<\/p>\n<p>__________<br \/>\n<strong>Eraldo Gueiros<\/strong> \u00e9 pastor da Igreja Presbiteriana em Jord\u00e3o Alto, Recife, PE.<\/p>\n","protected":false},"excerpt":{"rendered":"<p>E falou-lhes de muitas coisas por par\u00e1bolas, dizendo: Eis que o semeador saiu a semear&#8230;\u201d Mateus 13:3 J\u00e1 ouvi muitos serm\u00f5es e estudos acerca da par\u00e1bola do Semeador. \u00c9 fato que cada um delas trouxe uma boa contribui\u00e7\u00e3o para a melhor compreens\u00e3o do texto. Lembro que antes de pensar em ir para um semin\u00e1rio, eu [&hellip;]<\/p>\n","protected":false},"author":2,"featured_media":0,"comment_status":"open","ping_status":"open","sticky":false,"template":"","format":"standard","meta":{"ngg_post_thumbnail":0,"footnotes":""},"categories":[32],"tags":[],"class_list":["post-1859","post","type-post","status-publish","format-standard","hentry","category-reflexoes"],"_links":{"self":[{"href":"https:\/\/ultimato.com.br\/sites\/paralelo10\/wp-json\/wp\/v2\/posts\/1859","targetHints":{"allow":["GET"]}}],"collection":[{"href":"https:\/\/ultimato.com.br\/sites\/paralelo10\/wp-json\/wp\/v2\/posts"}],"about":[{"href":"https:\/\/ultimato.com.br\/sites\/paralelo10\/wp-json\/wp\/v2\/types\/post"}],"author":[{"embeddable":true,"href":"https:\/\/ultimato.com.br\/sites\/paralelo10\/wp-json\/wp\/v2\/users\/2"}],"replies":[{"embeddable":true,"href":"https:\/\/ultimato.com.br\/sites\/paralelo10\/wp-json\/wp\/v2\/comments?post=1859"}],"version-history":[{"count":4,"href":"https:\/\/ultimato.com.br\/sites\/paralelo10\/wp-json\/wp\/v2\/posts\/1859\/revisions"}],"predecessor-version":[{"id":2421,"href":"https:\/\/ultimato.com.br\/sites\/paralelo10\/wp-json\/wp\/v2\/posts\/1859\/revisions\/2421"}],"wp:attachment":[{"href":"https:\/\/ultimato.com.br\/sites\/paralelo10\/wp-json\/wp\/v2\/media?parent=1859"}],"wp:term":[{"taxonomy":"category","embeddable":true,"href":"https:\/\/ultimato.com.br\/sites\/paralelo10\/wp-json\/wp\/v2\/categories?post=1859"},{"taxonomy":"post_tag","embeddable":true,"href":"https:\/\/ultimato.com.br\/sites\/paralelo10\/wp-json\/wp\/v2\/tags?post=1859"}],"curies":[{"name":"wp","href":"https:\/\/api.w.org\/{rel}","templated":true}]}}