{"id":1853,"date":"2011-10-28T13:04:52","date_gmt":"2011-10-28T16:04:52","guid":{"rendered":"http:\/\/ultimato.com.br\/sites\/paralelo10\/?p=1853"},"modified":"2011-10-28T13:05:14","modified_gmt":"2011-10-28T16:05:14","slug":"congresso-com-foco-no-nordeste-sonho","status":"publish","type":"post","link":"https:\/\/ultimato.com.br\/sites\/paralelo10\/2011\/10\/congresso-com-foco-no-nordeste-sonho\/","title":{"rendered":"Congresso mission\u00e1rio no Nordeste"},"content":{"rendered":"<div><span style=\"font-family: 'trebuchet ms', sans-serif;\"><a href=\"http:\/\/ultimato.com.br\/sites\/paralelo10\/files\/2011\/10\/cbm2.jpg\" class=\"lightview\" data-lightview-group=\"group-1853\" data-lightview-options=\"skin: 'dark', controls: 'relative', padding: '10', shadow: { color: '#000000', opacity: 0.08, blur: 3 }\"><img loading=\"lazy\" decoding=\"async\" class=\"aligncenter size-full wp-image-1855\" src=\"http:\/\/ultimato.com.br\/sites\/paralelo10\/files\/2011\/10\/cbm2.jpg\" alt=\"\" width=\"448\" height=\"211\" srcset=\"https:\/\/ultimato.com.br\/sites\/paralelo10\/files\/2011\/10\/cbm2.jpg 448w, https:\/\/ultimato.com.br\/sites\/paralelo10\/files\/2011\/10\/cbm2-300x141.jpg 300w, https:\/\/ultimato.com.br\/sites\/paralelo10\/files\/2011\/10\/cbm2-150x70.jpg 150w\" sizes=\"auto, (max-width: 448px) 100vw, 448px\" \/><\/a>Durante o 6\u00b0 Congresso Brasileiro de Miss\u00f5es alguns l\u00edderes nordesstinos se reuniram para conversar sobre a poss\u00edvel realiza\u00e7\u00e3o de um congresso de miss\u00f5es na regi\u00e3o Nordeste. H\u00e1 muito interesse por parte destes l\u00edderes em realizar o 2\u00ba Congresso Nordestino de Miss\u00f5es no segundo semestre de 2013. <\/span><span style=\"font-family: 'trebuchet ms', sans-serif;\">Um congresso assim demanda muita dedica\u00e7\u00e3o, investimento de tempo e recursos e, especialmente, muita ora\u00e7\u00e3o.<!--more--><\/span><\/div>\n<div><span style=\"font-family: 'trebuchet ms', sans-serif;\"> <\/span><span style=\"font-family: 'trebuchet ms', sans-serif;\">O<\/span><span style=\"font-family: 'trebuchet ms', sans-serif;\"> Paralelo 10 vai apoiar a realiza\u00e7\u00e3o deste evento. E queremos convidar voc\u00ea a orar por este projeto.<\/span><\/div>\n<div><span style=\"font-family: 'trebuchet ms', sans-serif;\"><br \/>\n<\/span><\/div>\n<div><span style=\"font-family: 'trebuchet ms', sans-serif;\">Um abra\u00e7o!<\/span><\/div>\n<div><span style=\"font-family: 'trebuchet ms', sans-serif;\">_________<\/span><\/div>\n<div><span style=\"font-family: 'trebuchet ms', sans-serif;\"><strong>Ivny Monteiro<\/strong> \u00e9 coordenadora do projeto Paralelo 10<\/span><\/div>\n","protected":false},"excerpt":{"rendered":"<p>Durante o 6\u00b0 Congresso Brasileiro de Miss\u00f5es alguns l\u00edderes nordesstinos se reuniram para conversar sobre a poss\u00edvel realiza\u00e7\u00e3o de um congresso de miss\u00f5es na regi\u00e3o Nordeste. H\u00e1 muito interesse por parte destes l\u00edderes em realizar o 2\u00ba Congresso Nordestino de Miss\u00f5es no segundo semestre de 2013. Um congresso assim demanda muita dedica\u00e7\u00e3o, investimento de tempo [&hellip;]<\/p>\n","protected":false},"author":2,"featured_media":0,"comment_status":"open","ping_status":"open","sticky":false,"template":"","format":"standard","meta":{"ngg_post_thumbnail":0,"footnotes":""},"categories":[95],"tags":[],"class_list":["post-1853","post","type-post","status-publish","format-standard","hentry","category-testemunhos"],"_links":{"self":[{"href":"https:\/\/ultimato.com.br\/sites\/paralelo10\/wp-json\/wp\/v2\/posts\/1853","targetHints":{"allow":["GET"]}}],"collection":[{"href":"https:\/\/ultimato.com.br\/sites\/paralelo10\/wp-json\/wp\/v2\/posts"}],"about":[{"href":"https:\/\/ultimato.com.br\/sites\/paralelo10\/wp-json\/wp\/v2\/types\/post"}],"author":[{"embeddable":true,"href":"https:\/\/ultimato.com.br\/sites\/paralelo10\/wp-json\/wp\/v2\/users\/2"}],"replies":[{"embeddable":true,"href":"https:\/\/ultimato.com.br\/sites\/paralelo10\/wp-json\/wp\/v2\/comments?post=1853"}],"version-history":[{"count":4,"href":"https:\/\/ultimato.com.br\/sites\/paralelo10\/wp-json\/wp\/v2\/posts\/1853\/revisions"}],"predecessor-version":[{"id":1858,"href":"https:\/\/ultimato.com.br\/sites\/paralelo10\/wp-json\/wp\/v2\/posts\/1853\/revisions\/1858"}],"wp:attachment":[{"href":"https:\/\/ultimato.com.br\/sites\/paralelo10\/wp-json\/wp\/v2\/media?parent=1853"}],"wp:term":[{"taxonomy":"category","embeddable":true,"href":"https:\/\/ultimato.com.br\/sites\/paralelo10\/wp-json\/wp\/v2\/categories?post=1853"},{"taxonomy":"post_tag","embeddable":true,"href":"https:\/\/ultimato.com.br\/sites\/paralelo10\/wp-json\/wp\/v2\/tags?post=1853"}],"curies":[{"name":"wp","href":"https:\/\/api.w.org\/{rel}","templated":true}]}}