{"id":1844,"date":"2011-10-26T10:30:23","date_gmt":"2011-10-26T13:30:23","guid":{"rendered":"http:\/\/ultimato.com.br\/sites\/paralelo10\/?p=1844"},"modified":"2011-10-25T10:35:55","modified_gmt":"2011-10-25T13:35:55","slug":"dica-de-leitura","status":"publish","type":"post","link":"https:\/\/ultimato.com.br\/sites\/paralelo10\/2011\/10\/dica-de-leitura\/","title":{"rendered":"Dica de leitura"},"content":{"rendered":"<p><strong><a href=\"http:\/\/www.ufpa.br\/editora\/livro.php?id=9\"><img loading=\"lazy\" decoding=\"async\" class=\"alignright\" src=\"http:\/\/www.ufpa.br\/editora\/images\/capa02.gif\" alt=\"\" width=\"162\" height=\"222\" \/><\/a>Cidades Ribeirinhas na Amaz\u00f4nia: Mudan\u00e7as e Perman\u00eancias<\/strong><br \/>\nAutor(es): Saint-Clair Cordeiro da Trindade J\u00fanior\/Maria Goretti da Costa Tavares<br \/>\nAno: 2008<br \/>\n<a href=\"http:\/\/www.ufpa.br\/editora\/livro.php?id=9\" target=\"_blank\">Editora UFPA<\/a><\/p>\n<p>&nbsp;<\/p>\n<p>Gestado a partir do projeto \u201cEspa\u00e7o e cidadania na orla fluvial de Bel\u00e9m: praticando a Geografia em ambientes n\u00e3o escolares\u201d, o livro apresenta o resultado desse projeto de pesquisa, ensino e extens\u00e3o, desenvolvido no interior da Universidade Federal do Par\u00e1. Pesquisadores e bolsistas de inicia\u00e7\u00e3o cient\u00edfica que integraram a equipe de pesquisa e que ao longo do processo dialogaram a respeito da tem\u00e1tica e da problem\u00e1tica de pesquisa relacionada \u00e0 intera\u00e7\u00e3o da cidade com o rio na Amaz\u00f4nia s\u00e3o os autores desta obra. Em todos os artigos componentes da colet\u00e2nea o rio est\u00e1 presente como comp\u00f3sito das paisagens e\/ ou da din\u00e2mica das cidades e das rela\u00e7\u00f5es que nelas se fazem presentes.<\/p>\n","protected":false},"excerpt":{"rendered":"<p>Cidades Ribeirinhas na Amaz\u00f4nia: Mudan\u00e7as e Perman\u00eancias Autor(es): Saint-Clair Cordeiro da Trindade J\u00fanior\/Maria Goretti da Costa Tavares Ano: 2008 Editora UFPA &nbsp; Gestado a partir do projeto \u201cEspa\u00e7o e cidadania na orla fluvial de Bel\u00e9m: praticando a Geografia em ambientes n\u00e3o escolares\u201d, o livro apresenta o resultado desse projeto de pesquisa, ensino e extens\u00e3o, desenvolvido [&hellip;]<\/p>\n","protected":false},"author":2,"featured_media":0,"comment_status":"open","ping_status":"open","sticky":false,"template":"","format":"standard","meta":{"ngg_post_thumbnail":0,"footnotes":""},"categories":[8],"tags":[],"class_list":["post-1844","post","type-post","status-publish","format-standard","hentry","category-toro-de-palpites"],"_links":{"self":[{"href":"https:\/\/ultimato.com.br\/sites\/paralelo10\/wp-json\/wp\/v2\/posts\/1844","targetHints":{"allow":["GET"]}}],"collection":[{"href":"https:\/\/ultimato.com.br\/sites\/paralelo10\/wp-json\/wp\/v2\/posts"}],"about":[{"href":"https:\/\/ultimato.com.br\/sites\/paralelo10\/wp-json\/wp\/v2\/types\/post"}],"author":[{"embeddable":true,"href":"https:\/\/ultimato.com.br\/sites\/paralelo10\/wp-json\/wp\/v2\/users\/2"}],"replies":[{"embeddable":true,"href":"https:\/\/ultimato.com.br\/sites\/paralelo10\/wp-json\/wp\/v2\/comments?post=1844"}],"version-history":[{"count":2,"href":"https:\/\/ultimato.com.br\/sites\/paralelo10\/wp-json\/wp\/v2\/posts\/1844\/revisions"}],"predecessor-version":[{"id":1846,"href":"https:\/\/ultimato.com.br\/sites\/paralelo10\/wp-json\/wp\/v2\/posts\/1844\/revisions\/1846"}],"wp:attachment":[{"href":"https:\/\/ultimato.com.br\/sites\/paralelo10\/wp-json\/wp\/v2\/media?parent=1844"}],"wp:term":[{"taxonomy":"category","embeddable":true,"href":"https:\/\/ultimato.com.br\/sites\/paralelo10\/wp-json\/wp\/v2\/categories?post=1844"},{"taxonomy":"post_tag","embeddable":true,"href":"https:\/\/ultimato.com.br\/sites\/paralelo10\/wp-json\/wp\/v2\/tags?post=1844"}],"curies":[{"name":"wp","href":"https:\/\/api.w.org\/{rel}","templated":true}]}}