{"id":1836,"date":"2011-10-24T16:55:25","date_gmt":"2011-10-24T19:55:25","guid":{"rendered":"http:\/\/ultimato.com.br\/sites\/paralelo10\/?p=1836"},"modified":"2011-10-24T16:56:16","modified_gmt":"2011-10-24T19:56:16","slug":"a-esperanca-floresce-no-semiarido-nordestino","status":"publish","type":"post","link":"https:\/\/ultimato.com.br\/sites\/paralelo10\/2011\/10\/a-esperanca-floresce-no-semiarido-nordestino\/","title":{"rendered":"A esperan\u00e7a floresce no semi\u00e1rido nordestino"},"content":{"rendered":"<p>\u201cAs fam\u00edlias recebem \u00e1gua pot\u00e1vel (em alguns lugares encanada), se unem para planta\u00e7\u00e3o de hortas, recebem visitas de t\u00e9cnicos agr\u00edcolas para serem capacitadas no cultivo, higieniza\u00e7\u00e3o da horta e na utiliza\u00e7\u00e3o do sistema h\u00eddrico\u201d, entusiasmado, Wostenes Santos, coordenador geral de projetos da ONG ACEV Social, destaca como funciona o Programa \u201cSert\u00e3o Sustent\u00e1vel\u201d, que tem mudado a realidade de muitas fam\u00edlias do semi\u00e1rido nordestino. Entre os beneficiados, est\u00e1 o seu Te\u00f3filo, casado, pai de duas filhas, morador da comunidade Mendes, munic\u00edpio de Quixab\u00e1, em Pernambuco.<\/p>\n<p>Seu Te\u00f3filo j\u00e1 conseguiu, apesar das muitas dificuldades, garantir a forma\u00e7\u00e3o universit\u00e1ria de Mauba Sueny (23) e Maiara Maria (20). \u201cPago de faculdade e transporte, R$ 540,00 todo m\u00eas para formar minhas filhas\u201d, acrescenta. O dinheiro, bem, o dinheiro vem da comercializa\u00e7\u00e3o de hortali\u00e7as produzidas na pequena propriedade rural. Antes apenas um lugar seco e infrut\u00edfero, tendo por cen\u00e1rio uma simples casa, com poucos m\u00f3veis, e como figurantes da vida uma fam\u00edlia, que v\u00ea o tempo passar sem esperan\u00e7a de um papel protagonista de cidad\u00e3os por falta de recursos para educa\u00e7\u00e3o, sa\u00fade e profiss\u00e3o.<\/p>\n<div id=\"attachment_1839\" style=\"width: 288px\" class=\"wp-caption alignright\"><a href=\"http:\/\/ultimato.com.br\/sites\/paralelo10\/files\/2011\/10\/24_10_grupo_alface_p10.png\" class=\"lightview\" data-lightview-group=\"group-1836\" data-lightview-options=\"skin: 'dark', controls: 'relative', padding: '10', shadow: { color: '#000000', opacity: 0.08, blur: 3 }\" data-lightview-title=\"Foto: Lindon Carlos\"><img loading=\"lazy\" decoding=\"async\" aria-describedby=\"caption-attachment-1839\" class=\"size-full wp-image-1839\" title=\"Foto: Lindon Carlos\" src=\"http:\/\/ultimato.com.br\/sites\/paralelo10\/files\/2011\/10\/24_10_grupo_alface_p10.png\" alt=\"\" width=\"278\" height=\"236\" srcset=\"https:\/\/ultimato.com.br\/sites\/paralelo10\/files\/2011\/10\/24_10_grupo_alface_p10.png 278w, https:\/\/ultimato.com.br\/sites\/paralelo10\/files\/2011\/10\/24_10_grupo_alface_p10-150x127.png 150w\" sizes=\"auto, (max-width: 278px) 100vw, 278px\" \/><\/a><p id=\"caption-attachment-1839\" class=\"wp-caption-text\">Interc\u00e2mbio de agricultores em Concei\u00e7\u00e3o (PB)<\/p><\/div>\n<p>Ocupando uma extens\u00e3o de 841.260,9 Km\u00b2, o semi\u00e1rido nordestino caracteriza-se por apresentar reservas de \u00e1gua insuficiente em seus mananciais, o que causa um impacto consider\u00e1vel no per\u00edodo de seca. Este \u00e9 um fen\u00f4meno natural c\u00edclico resultante da escassez de chuvas que produz resultados cru\u00e9is para as popula\u00e7\u00f5es fragilizadas pela desnutri\u00e7\u00e3o e pelas doen\u00e7as pr\u00f3prias das situa\u00e7\u00f5es de muita pobreza.<\/p>\n<p>Para mudar essa realidade, \u00e9 que v\u00e1rias a\u00e7\u00f5es t\u00eam sido demandadas no Semi\u00e1rido, principalmente, atrav\u00e9s das organiza\u00e7\u00f5es n\u00e3o-governamentais, como a ACEV Social. A ACEV tem sua sede em Patos, e existe h\u00e1 73 anos, mas s\u00f3 h\u00e1 6 anos formalizou-se como ONG. Estima-se que neste ano de 2011 as a\u00e7\u00f5es da ACEV Social ir\u00e3o beneficiar uma m\u00e9dia de 200 fam\u00edlias atrav\u00e9s do Programa Sert\u00e3o Sustent\u00e1vel. Que promove desenvolvimento comunit\u00e1rio Rural, partindo da provis\u00e3o de \u00e1gua (Projeto Po\u00e7os) para a comunidade e o desenvolvimento sustent\u00e1vel da mesma, gerando por meio dos projetos PlantA\u00c7\u00c3O (agricultura familiar) e 4 Pernas (cria\u00e7\u00e3o de rebanho de caprinos e ouvinos), sua inclus\u00e3o produtiva, o que revela o potencial de transforma\u00e7\u00e3o da realidade socioecon\u00f4mica da regi\u00e3o. Por meio do projeto Agroflorestal o Programa contribui no combate a desertifica\u00e7\u00e3o do semi\u00e1rido nordestino em seus diversos aspectos, sob a \u00e9gide da conserva\u00e7\u00e3o do bioma e ecossistema da Caatinga do Nordeste brasileiro.<!--more--><\/p>\n<div id=\"attachment_1841\" style=\"width: 205px\" class=\"wp-caption alignleft\"><a href=\"http:\/\/ultimato.com.br\/sites\/paralelo10\/files\/2011\/10\/24_10_alface_p101.png\" class=\"lightview\" data-lightview-group=\"group-1836\" data-lightview-options=\"skin: 'dark', controls: 'relative', padding: '10', shadow: { color: '#000000', opacity: 0.08, blur: 3 }\" data-lightview-title=\"Foto: Rob\u00e9rio de Oliveira\"><img loading=\"lazy\" decoding=\"async\" aria-describedby=\"caption-attachment-1841\" class=\"size-full wp-image-1841\" title=\"Foto: Rob\u00e9rio de Oliveira\" src=\"http:\/\/ultimato.com.br\/sites\/paralelo10\/files\/2011\/10\/24_10_alface_p101.png\" alt=\"\" width=\"195\" height=\"257\" srcset=\"https:\/\/ultimato.com.br\/sites\/paralelo10\/files\/2011\/10\/24_10_alface_p101.png 195w, https:\/\/ultimato.com.br\/sites\/paralelo10\/files\/2011\/10\/24_10_alface_p101-113x150.png 113w\" sizes=\"auto, (max-width: 195px) 100vw, 195px\" \/><\/a><p id=\"caption-attachment-1841\" class=\"wp-caption-text\">Agricultor do munic\u00edpio de S\u00e3o Jos\u00e9 de Princesa, no s\u00edtio Patos de Itarer\u00ea<\/p><\/div>\n<p>Com a perfura\u00e7\u00e3o do po\u00e7o no s\u00edtio Mendes em Quixab\u00e1 e assist\u00eancia para o cultivo e comercializa\u00e7\u00e3o de hortali\u00e7as, seu Te\u00f3filo viu o sert\u00e3o florescer, e com ele sua esperan\u00e7a. Toda fam\u00edlia contribui com satisfa\u00e7\u00e3o no trabalho de planta\u00e7\u00e3o e cultivo da horta, faz a higieniza\u00e7\u00e3o dos produtos e parte para as vendas na feira local, na qual t\u00eam uma estrutura providenciada pelo Programa da ACEV Social. De l\u00e1 tiram o sustento, a auto-estima, a sa\u00fade, a educa\u00e7\u00e3o, a uni\u00e3o familiar, a alegria de viver.<\/p>\n<p>Mauba Sueny sai de sua casa de cabe\u00e7a erguida\u00a0com sua irm\u00e3; n\u00e3o para partir e n\u00e3o mais voltar em busca de sobreviv\u00eancia, mas para pegar o transporte que as levar\u00e1 para universidade e as trar\u00e1 de volta para o lar, para seus pais, seu marido, seus filhos, que v\u00eaem na m\u00e3e uma guerreira, um exemplo a ser seguido. E seu Te\u00f3filo, \u00e9 o pai e o av\u00f4 mais feliz e orgulhoso do mundo!<\/p>\n<div class=\"mceTemp\">\ufeffA transforma\u00e7\u00e3o de realidades veio n\u00e3o s\u00f3 para fam\u00edlia de seu Te\u00f3filo, mas tamb\u00e9m para v\u00e1rios outros, que antes meros figurantes, agora protagonistas de suas pr\u00f3prias hist\u00f3rias. Como Antonio Florentino de 31 anos, agricultor no s\u00edtio Pinheiro em Mana\u00edra na Para\u00edba. \u201cTudo foi perfeito para uma comunidade que necessitava de \u00e1gua. Foi a nossa salva\u00e7\u00e3o! Se n\u00e3o fosse o Po\u00e7o n\u00e3o existiria mais ningu\u00e9m l\u00e1, hoje a comunidade s\u00f3 faz crescer. \u00c9 um trabalho que oferece oportunidade aos agricultores e a todos os sertanejos.\u201d<\/div>\n<p>&nbsp;<\/p>\n<p>Iniciativas como essa nos faz perceber, que temos mais valentes do que pensamos no nosso sert\u00e3o, mais empreendedores do que cortadores de cana. E que a paisagem cinza da seca pode ser verde como uma alface nas m\u00e3os de quem ama sua terra.<\/p>\n<p>_________<br \/>\n<strong>Gleydice Bernardes<\/strong> \u00e9 jornalista e participante do projeto Paralelo 10<\/p>\n","protected":false},"excerpt":{"rendered":"<p>\u201cAs fam\u00edlias recebem \u00e1gua pot\u00e1vel (em alguns lugares encanada), se unem para planta\u00e7\u00e3o de hortas, recebem visitas de t\u00e9cnicos agr\u00edcolas para serem capacitadas no cultivo, higieniza\u00e7\u00e3o da horta e na utiliza\u00e7\u00e3o do sistema h\u00eddrico\u201d, entusiasmado, Wostenes Santos, coordenador geral de projetos da ONG ACEV Social, destaca como funciona o Programa \u201cSert\u00e3o Sustent\u00e1vel\u201d, que tem mudado [&hellip;]<\/p>\n","protected":false},"author":2,"featured_media":0,"comment_status":"open","ping_status":"open","sticky":false,"template":"","format":"standard","meta":{"ngg_post_thumbnail":0,"footnotes":""},"categories":[7,95],"tags":[],"class_list":["post-1836","post","type-post","status-publish","format-standard","hentry","category-noticias","category-testemunhos"],"_links":{"self":[{"href":"https:\/\/ultimato.com.br\/sites\/paralelo10\/wp-json\/wp\/v2\/posts\/1836","targetHints":{"allow":["GET"]}}],"collection":[{"href":"https:\/\/ultimato.com.br\/sites\/paralelo10\/wp-json\/wp\/v2\/posts"}],"about":[{"href":"https:\/\/ultimato.com.br\/sites\/paralelo10\/wp-json\/wp\/v2\/types\/post"}],"author":[{"embeddable":true,"href":"https:\/\/ultimato.com.br\/sites\/paralelo10\/wp-json\/wp\/v2\/users\/2"}],"replies":[{"embeddable":true,"href":"https:\/\/ultimato.com.br\/sites\/paralelo10\/wp-json\/wp\/v2\/comments?post=1836"}],"version-history":[{"count":3,"href":"https:\/\/ultimato.com.br\/sites\/paralelo10\/wp-json\/wp\/v2\/posts\/1836\/revisions"}],"predecessor-version":[{"id":1843,"href":"https:\/\/ultimato.com.br\/sites\/paralelo10\/wp-json\/wp\/v2\/posts\/1836\/revisions\/1843"}],"wp:attachment":[{"href":"https:\/\/ultimato.com.br\/sites\/paralelo10\/wp-json\/wp\/v2\/media?parent=1836"}],"wp:term":[{"taxonomy":"category","embeddable":true,"href":"https:\/\/ultimato.com.br\/sites\/paralelo10\/wp-json\/wp\/v2\/categories?post=1836"},{"taxonomy":"post_tag","embeddable":true,"href":"https:\/\/ultimato.com.br\/sites\/paralelo10\/wp-json\/wp\/v2\/tags?post=1836"}],"curies":[{"name":"wp","href":"https:\/\/api.w.org\/{rel}","templated":true}]}}