{"id":1823,"date":"2011-10-14T09:48:39","date_gmt":"2011-10-14T12:48:39","guid":{"rendered":"http:\/\/ultimato.com.br\/sites\/paralelo10\/?p=1823"},"modified":"2011-10-14T09:48:39","modified_gmt":"2011-10-14T12:48:39","slug":"%e2%80%9ccom-os-povos-indigenas-construir-o-bem-viver-do-planeta-terra%e2%80%9d","status":"publish","type":"post","link":"https:\/\/ultimato.com.br\/sites\/paralelo10\/2011\/10\/%e2%80%9ccom-os-povos-indigenas-construir-o-bem-viver-do-planeta-terra%e2%80%9d\/","title":{"rendered":"\u201cCom os povos ind\u00edgenas construir o Bem Viver do planeta Terra\u201d"},"content":{"rendered":"<p><a href=\"http:\/\/ultimato.com.br\/sites\/paralelo10\/files\/2011\/10\/14_10_Kayapo_Leonardo_Prado_Funai15.jpg\" class=\"lightview\" data-lightview-group=\"group-1823\" data-lightview-options=\"skin: 'dark', controls: 'relative', padding: '10', shadow: { color: '#000000', opacity: 0.08, blur: 3 }\" data-lightview-title=\"Foto: Leonardo_Prado\/Funai - Povo Kayap\u00f3\"><img loading=\"lazy\" decoding=\"async\" class=\"aligncenter size-full wp-image-1824\" title=\"Foto: Leonardo_Prado\/Funai - Povo Kayap\u00f3\" src=\"http:\/\/ultimato.com.br\/sites\/paralelo10\/files\/2011\/10\/14_10_Kayapo_Leonardo_Prado_Funai15.jpg\" alt=\"\" width=\"595\" height=\"178\" srcset=\"https:\/\/ultimato.com.br\/sites\/paralelo10\/files\/2011\/10\/14_10_Kayapo_Leonardo_Prado_Funai15.jpg 595w, https:\/\/ultimato.com.br\/sites\/paralelo10\/files\/2011\/10\/14_10_Kayapo_Leonardo_Prado_Funai15-300x89.jpg 300w, https:\/\/ultimato.com.br\/sites\/paralelo10\/files\/2011\/10\/14_10_Kayapo_Leonardo_Prado_Funai15-150x44.jpg 150w\" sizes=\"auto, (max-width: 595px) 100vw, 595px\" \/><\/a>&#8220;Nunca deixaremos de confiar na for\u00e7a que vem de Deus. Apesar de aparentes derrotas, de persegui\u00e7\u00f5es virulentas e infame criminaliza\u00e7\u00e3o por parte dos inimigos dos povos ind\u00edgenas, acreditamos na presen\u00e7a do Senhor da Vida em nosso combate \u00e0 morte que ronda as aldeias&#8221;, disse\u00a0Erwin Kr\u00e4utler, Bispo do Xingu e presidente do Conselho Indigenista Mission\u00e1rio (Cimi), no documento que reuniu as principais discuss\u00f5es da\u00a0XIX Assembleia Geral da organiza\u00e7\u00e3o.\u00a0<!--more--><\/p>\n<p>Segundo o relat\u00f3rio, \u00e9\u00a0dram\u00e1tica a realidade dos povos ind\u00edgenas em nosso pa\u00eds: assassinatos com requintes de perversidade, suic\u00eddio de adolescentes desesperados, \u00f3dio racial expl\u00edcito, destrui\u00e7\u00e3o programado de s\u00edtios e rios sagrados, despejos decretados de terras ancestrais ou confinamento em min\u00fasculos espa\u00e7os. Apesar das conquistas e das garantias constitucionais, ainda existem muitos problemas afetando os povos ind\u00edgenas, especialmente\u00a0a omiss\u00e3o do Governo Federal em rela\u00e7\u00e3o \u00e0 demarca\u00e7\u00e3o, fiscaliza\u00e7\u00e3o e prote\u00e7\u00e3o das terras, de modo especial em Mato Grosso do Sul, Bahia, Santa Catarina, Rio Grande do Sul, Minas Gerais, Paran\u00e1, Maranh\u00e3o e Pernambuco e a luta desigual contra os grandes empreendimentos econ\u00f4micos estabelecidos em terras ind\u00edgenas que impactam, al\u00e9m da vida humana, toda a natureza, suas \u00e1guas, matas, plantas e animais.<\/p>\n<p>Para conhecer o documento, acesse o <a href=\"http:\/\/www.cimi.org.br\/site\/pt-br\/?system=news&amp;eid=50\" target=\"_blank\">site oficial do Conselho<\/a>.<\/p>\n","protected":false},"excerpt":{"rendered":"<p>&#8220;Nunca deixaremos de confiar na for\u00e7a que vem de Deus. Apesar de aparentes derrotas, de persegui\u00e7\u00f5es virulentas e infame criminaliza\u00e7\u00e3o por parte dos inimigos dos povos ind\u00edgenas, acreditamos na presen\u00e7a do Senhor da Vida em nosso combate \u00e0 morte que ronda as aldeias&#8221;, disse\u00a0Erwin Kr\u00e4utler, Bispo do Xingu e presidente do Conselho Indigenista Mission\u00e1rio (Cimi), [&hellip;]<\/p>\n","protected":false},"author":2,"featured_media":0,"comment_status":"open","ping_status":"open","sticky":false,"template":"","format":"standard","meta":{"ngg_post_thumbnail":0,"footnotes":""},"categories":[7],"tags":[],"class_list":["post-1823","post","type-post","status-publish","format-standard","hentry","category-noticias"],"_links":{"self":[{"href":"https:\/\/ultimato.com.br\/sites\/paralelo10\/wp-json\/wp\/v2\/posts\/1823","targetHints":{"allow":["GET"]}}],"collection":[{"href":"https:\/\/ultimato.com.br\/sites\/paralelo10\/wp-json\/wp\/v2\/posts"}],"about":[{"href":"https:\/\/ultimato.com.br\/sites\/paralelo10\/wp-json\/wp\/v2\/types\/post"}],"author":[{"embeddable":true,"href":"https:\/\/ultimato.com.br\/sites\/paralelo10\/wp-json\/wp\/v2\/users\/2"}],"replies":[{"embeddable":true,"href":"https:\/\/ultimato.com.br\/sites\/paralelo10\/wp-json\/wp\/v2\/comments?post=1823"}],"version-history":[{"count":1,"href":"https:\/\/ultimato.com.br\/sites\/paralelo10\/wp-json\/wp\/v2\/posts\/1823\/revisions"}],"predecessor-version":[{"id":1825,"href":"https:\/\/ultimato.com.br\/sites\/paralelo10\/wp-json\/wp\/v2\/posts\/1823\/revisions\/1825"}],"wp:attachment":[{"href":"https:\/\/ultimato.com.br\/sites\/paralelo10\/wp-json\/wp\/v2\/media?parent=1823"}],"wp:term":[{"taxonomy":"category","embeddable":true,"href":"https:\/\/ultimato.com.br\/sites\/paralelo10\/wp-json\/wp\/v2\/categories?post=1823"},{"taxonomy":"post_tag","embeddable":true,"href":"https:\/\/ultimato.com.br\/sites\/paralelo10\/wp-json\/wp\/v2\/tags?post=1823"}],"curies":[{"name":"wp","href":"https:\/\/api.w.org\/{rel}","templated":true}]}}