{"id":1817,"date":"2011-10-13T16:42:39","date_gmt":"2011-10-13T19:42:39","guid":{"rendered":"http:\/\/ultimato.com.br\/sites\/paralelo10\/?p=1817"},"modified":"2011-10-14T08:58:23","modified_gmt":"2011-10-14T11:58:23","slug":"acev-premiada","status":"publish","type":"post","link":"https:\/\/ultimato.com.br\/sites\/paralelo10\/2011\/10\/acev-premiada\/","title":{"rendered":"ACEV premiada"},"content":{"rendered":"<p><a href=\"http:\/\/ultimato.com.br\/sites\/paralelo10\/files\/2011\/10\/13_10_renas_acev.jpg\" class=\"lightview\" data-lightview-group=\"group-1817\" data-lightview-options=\"skin: 'dark', controls: 'relative', padding: '10', shadow: { color: '#000000', opacity: 0.08, blur: 3 }\" data-lightview-title=\"Ass. RENAS\"><img loading=\"lazy\" decoding=\"async\" class=\"size-thumbnail wp-image-1818  alignleft\" title=\"Ass. RENAS\" src=\"http:\/\/ultimato.com.br\/sites\/paralelo10\/files\/2011\/10\/13_10_renas_acev-150x150.jpg\" alt=\"\" width=\"150\" height=\"150\" srcset=\"https:\/\/ultimato.com.br\/sites\/paralelo10\/files\/2011\/10\/13_10_renas_acev-150x150.jpg 150w, https:\/\/ultimato.com.br\/sites\/paralelo10\/files\/2011\/10\/13_10_renas_acev-80x80.jpg 80w\" sizes=\"auto, (max-width: 150px) 100vw, 150px\" \/><\/a><\/p>\n<p>Com um certo atraso, \u00e9 certo, mas desejamos os mais sinceros parab\u00e9ns \u00e0 ACEV Social, que foi premiada com a entrega do\u00a0Pr\u00eamio RENAS de Melhores Pr\u00e1ticas. Tr\u00eas projetos desenvolvidos pela organiza\u00e7\u00e3o mission\u00e1ria foram premiados.\u00a0Um deles foi o\u00a0<a href=\"http:\/\/ultimato.com.br\/sites\/paralelo10\/2011\/08\/projeto-plantacao\/\" target=\"_blank\">Projeto Sert\u00e3o Sustent\u00e1vel da ACEV Social<\/a>, que apresentamos em agosto.<\/p>\n<p>Gl\u00f3ria a Deus por todos que fazem parte deste projeto!<\/p>\n<p>(Na foto,\u00a0Pr. Umbirajara recebendo o Trof\u00e9u em nome da ACEV Social)<\/p>\n","protected":false},"excerpt":{"rendered":"<p>Com um certo atraso, \u00e9 certo, mas desejamos os mais sinceros parab\u00e9ns \u00e0 ACEV Social, que foi premiada com a entrega do\u00a0Pr\u00eamio RENAS de Melhores Pr\u00e1ticas. Tr\u00eas projetos desenvolvidos pela organiza\u00e7\u00e3o mission\u00e1ria foram premiados.\u00a0Um deles foi o\u00a0Projeto Sert\u00e3o Sustent\u00e1vel da ACEV Social, que apresentamos em agosto. Gl\u00f3ria a Deus por todos que fazem parte deste [&hellip;]<\/p>\n","protected":false},"author":2,"featured_media":0,"comment_status":"open","ping_status":"open","sticky":false,"template":"","format":"standard","meta":{"ngg_post_thumbnail":0,"footnotes":""},"categories":[7],"tags":[],"class_list":["post-1817","post","type-post","status-publish","format-standard","hentry","category-noticias"],"_links":{"self":[{"href":"https:\/\/ultimato.com.br\/sites\/paralelo10\/wp-json\/wp\/v2\/posts\/1817","targetHints":{"allow":["GET"]}}],"collection":[{"href":"https:\/\/ultimato.com.br\/sites\/paralelo10\/wp-json\/wp\/v2\/posts"}],"about":[{"href":"https:\/\/ultimato.com.br\/sites\/paralelo10\/wp-json\/wp\/v2\/types\/post"}],"author":[{"embeddable":true,"href":"https:\/\/ultimato.com.br\/sites\/paralelo10\/wp-json\/wp\/v2\/users\/2"}],"replies":[{"embeddable":true,"href":"https:\/\/ultimato.com.br\/sites\/paralelo10\/wp-json\/wp\/v2\/comments?post=1817"}],"version-history":[{"count":3,"href":"https:\/\/ultimato.com.br\/sites\/paralelo10\/wp-json\/wp\/v2\/posts\/1817\/revisions"}],"predecessor-version":[{"id":1820,"href":"https:\/\/ultimato.com.br\/sites\/paralelo10\/wp-json\/wp\/v2\/posts\/1817\/revisions\/1820"}],"wp:attachment":[{"href":"https:\/\/ultimato.com.br\/sites\/paralelo10\/wp-json\/wp\/v2\/media?parent=1817"}],"wp:term":[{"taxonomy":"category","embeddable":true,"href":"https:\/\/ultimato.com.br\/sites\/paralelo10\/wp-json\/wp\/v2\/categories?post=1817"},{"taxonomy":"post_tag","embeddable":true,"href":"https:\/\/ultimato.com.br\/sites\/paralelo10\/wp-json\/wp\/v2\/tags?post=1817"}],"curies":[{"name":"wp","href":"https:\/\/api.w.org\/{rel}","templated":true}]}}