{"id":1803,"date":"2011-10-05T15:00:04","date_gmt":"2011-10-05T18:00:04","guid":{"rendered":"http:\/\/ultimato.com.br\/sites\/paralelo10\/?p=1803"},"modified":"2011-10-05T15:36:35","modified_gmt":"2011-10-05T18:36:35","slug":"a-grande-comissao-refeicoes-diarias-no-partir-do-pao-e-na-oracao","status":"publish","type":"post","link":"https:\/\/ultimato.com.br\/sites\/paralelo10\/2011\/10\/a-grande-comissao-refeicoes-diarias-no-partir-do-pao-e-na-oracao\/","title":{"rendered":"A grande Comiss\u00e3o | Refei\u00e7\u00f5es Di\u00e1rias &#8211; No partir do p\u00e3o e na ora\u00e7\u00e3o"},"content":{"rendered":"<p><em><a href=\"http:\/\/ultimato.com.br\/sites\/paralelo10\/files\/2011\/10\/testemunhas.jpg\" class=\"lightview\" data-lightview-group=\"group-1803\" data-lightview-options=\"skin: 'dark', controls: 'relative', padding: '10', shadow: { color: '#000000', opacity: 0.08, blur: 3 }\" data-lightview-title=\"testemunhas\"><img loading=\"lazy\" decoding=\"async\" class=\"alignright size-full wp-image-1804\" title=\"testemunhas\" src=\"http:\/\/ultimato.com.br\/sites\/paralelo10\/files\/2011\/10\/testemunhas.jpg\" alt=\"\" width=\"320\" height=\"240\" srcset=\"https:\/\/ultimato.com.br\/sites\/paralelo10\/files\/2011\/10\/testemunhas.jpg 320w, https:\/\/ultimato.com.br\/sites\/paralelo10\/files\/2011\/10\/testemunhas-300x225.jpg 300w, https:\/\/ultimato.com.br\/sites\/paralelo10\/files\/2011\/10\/testemunhas-150x112.jpg 150w\" sizes=\"auto, (max-width: 320px) 100vw, 320px\" \/><\/a>E ser\u00e3o minhas testemunhas.<\/em> (Atos 1.8)<\/p>\n<p>Chama-se de Grande Comiss\u00e3o a responsabilidade dada por Jesus aos seus disc\u00edpulos de ontem e de hoje de plantar a semente das boas-novas por todo o mundo. Esse mandato mission\u00e1rio foi entregue logo antes da ascens\u00e3o de Jesus.<\/p>\n<p>\u00c9 uma incumb\u00eancia enorme porque diz respeito \u00e0 encarna\u00e7\u00e3o, ao sacrif\u00edcio expiat\u00f3rio e \u00e0 ressurrei\u00e7\u00e3o de Jesus. <!--more-->\u00c9 uma incumb\u00eancia enorme porque se destina a todos os povos do mundo, porque cobre o tempo todo entre a ascens\u00e3o e a volta de Cristo. \u00c9 uma incumb\u00eancia enorme porque em muitos casos ela significa esc\u00e1rnio, amea\u00e7as, persegui\u00e7\u00e3o, pris\u00e3o e morte. \u00c9 uma incumb\u00eancia enorme porque n\u00e3o basta anunciar; \u00e9 preciso tamb\u00e9m discipular.<\/p>\n<p>A grande incumb\u00eancia n\u00e3o est\u00e1 apenas em Atos dos Ap\u00f3stolos. Ela aparece tamb\u00e9m nos quatro Evangelhos. Em Mateus: \u201cV\u00e3o a todos os povos do mundo e fa\u00e7am com que sejam meus seguidores, batizando esses seguidores em nome do Pai, do Filho, e do Esp\u00edrito Santo e ensinando-os a obedecer a tudo o que tenho ordenado a voc\u00eas. E lembrem disto: eu estou com voc\u00eas todos os dias, at\u00e9 o fim dos tempos\u201d (28.19-20). Em Marcos: \u201cV\u00e3o pelo mundo inteiro e anunciem o evangelho a todas as pessoas\u201d (16.15). Em Lucas: \u201cO que est\u00e1 escrito \u00e9 que o Messias tinha de sofrer e no terceiro dia ressuscitar. E que, em nome dele, a mensagem sobre arrependimento e perd\u00e3o de pecados seria anunciada a todas as na\u00e7\u00f5es, come\u00e7ando em Jerusal\u00e9m. Voc\u00eas s\u00e3o testemunhas dessas coisas\u201d (24.46-48). Em Jo\u00e3o: \u201cAssim como o Pai me enviou, eu tamb\u00e9m envio voc\u00eas\u201d (20.21).<\/p>\n<p>&nbsp;<\/p>\n<p>* O Texto acima \u00e9 uma das devocionais do livro<a href=\"http:\/\/www.ultimato.com.br\/loja\/produtos\/refeicoes-diarias\"> Refei\u00e7\u00f5es Di\u00e1rias &#8211; No partir do p\u00e3o e na ora\u00e7\u00e3o<\/a>, o devocion\u00e1rio da Ultimato para 2012 de autoria de Elben C\u00e9sar.<\/p>\n","protected":false},"excerpt":{"rendered":"<p>E ser\u00e3o minhas testemunhas. (Atos 1.8) Chama-se de Grande Comiss\u00e3o a responsabilidade dada por Jesus aos seus disc\u00edpulos de ontem e de hoje de plantar a semente das boas-novas por todo o mundo. Esse mandato mission\u00e1rio foi entregue logo antes da ascens\u00e3o de Jesus. \u00c9 uma incumb\u00eancia enorme porque diz respeito \u00e0 encarna\u00e7\u00e3o, ao sacrif\u00edcio [&hellip;]<\/p>\n","protected":false},"author":2,"featured_media":0,"comment_status":"open","ping_status":"open","sticky":false,"template":"","format":"standard","meta":{"ngg_post_thumbnail":0,"footnotes":""},"categories":[32],"tags":[],"class_list":["post-1803","post","type-post","status-publish","format-standard","hentry","category-reflexoes"],"_links":{"self":[{"href":"https:\/\/ultimato.com.br\/sites\/paralelo10\/wp-json\/wp\/v2\/posts\/1803","targetHints":{"allow":["GET"]}}],"collection":[{"href":"https:\/\/ultimato.com.br\/sites\/paralelo10\/wp-json\/wp\/v2\/posts"}],"about":[{"href":"https:\/\/ultimato.com.br\/sites\/paralelo10\/wp-json\/wp\/v2\/types\/post"}],"author":[{"embeddable":true,"href":"https:\/\/ultimato.com.br\/sites\/paralelo10\/wp-json\/wp\/v2\/users\/2"}],"replies":[{"embeddable":true,"href":"https:\/\/ultimato.com.br\/sites\/paralelo10\/wp-json\/wp\/v2\/comments?post=1803"}],"version-history":[{"count":3,"href":"https:\/\/ultimato.com.br\/sites\/paralelo10\/wp-json\/wp\/v2\/posts\/1803\/revisions"}],"predecessor-version":[{"id":1806,"href":"https:\/\/ultimato.com.br\/sites\/paralelo10\/wp-json\/wp\/v2\/posts\/1803\/revisions\/1806"}],"wp:attachment":[{"href":"https:\/\/ultimato.com.br\/sites\/paralelo10\/wp-json\/wp\/v2\/media?parent=1803"}],"wp:term":[{"taxonomy":"category","embeddable":true,"href":"https:\/\/ultimato.com.br\/sites\/paralelo10\/wp-json\/wp\/v2\/categories?post=1803"},{"taxonomy":"post_tag","embeddable":true,"href":"https:\/\/ultimato.com.br\/sites\/paralelo10\/wp-json\/wp\/v2\/tags?post=1803"}],"curies":[{"name":"wp","href":"https:\/\/api.w.org\/{rel}","templated":true}]}}