{"id":1783,"date":"2011-09-27T16:23:49","date_gmt":"2011-09-27T19:23:49","guid":{"rendered":"http:\/\/ultimato.com.br\/sites\/paralelo10\/?p=1783"},"modified":"2011-09-27T17:01:53","modified_gmt":"2011-09-27T20:01:53","slug":"renas","status":"publish","type":"post","link":"https:\/\/ultimato.com.br\/sites\/paralelo10\/2011\/09\/renas\/","title":{"rendered":"RENAS e muitos encontros"},"content":{"rendered":"<p><span style=\"background-color: #f3f3f3;\"> <\/span><\/p>\n<div id=\"attachment_1791\" style=\"width: 210px\" class=\"wp-caption alignleft\"><a href=\"http:\/\/ultimato.com.br\/sites\/paralelo10\/files\/2011\/09\/27_09_p10_renas1.jpg\" class=\"lightview\" data-lightview-group=\"group-1783\" data-lightview-options=\"skin: 'dark', controls: 'relative', padding: '10', shadow: { color: '#000000', opacity: 0.08, blur: 3 }\" data-lightview-title=\"Foto: Pabline Felix\"><img loading=\"lazy\" decoding=\"async\" aria-describedby=\"caption-attachment-1791\" class=\"size-medium wp-image-1791 \" title=\"Foto: Pabline Felix\" src=\"http:\/\/ultimato.com.br\/sites\/paralelo10\/files\/2011\/09\/27_09_p10_renas1-200x300.jpg\" alt=\"\" width=\"200\" height=\"300\" srcset=\"https:\/\/ultimato.com.br\/sites\/paralelo10\/files\/2011\/09\/27_09_p10_renas1-200x300.jpg 200w, https:\/\/ultimato.com.br\/sites\/paralelo10\/files\/2011\/09\/27_09_p10_renas1-100x150.jpg 100w, https:\/\/ultimato.com.br\/sites\/paralelo10\/files\/2011\/09\/27_09_p10_renas1.jpg 259w\" sizes=\"auto, (max-width: 200px) 100vw, 200px\" \/><\/a><p id=\"caption-attachment-1791\" class=\"wp-caption-text\">Elton, Ivny e Zeni no stand da Ultimato no VI Encontro RENAS<\/p><\/div>\n<p>Dos dias 15 a 17 de setembro participei do VI Encontro Renas que aconteceu em Luzi\u00e2nia (GO). <strong>Encontro <\/strong>\u00e9 uma \u00f3tima palavra para este evento, afinal \u201cencontro\u201d foi o que mais aconteceu nestes dias.<\/p>\n<p>Encontrei pela primeira vez Gleidson, um pastor assembleiano potiguar de muito (muito mesmo!) senso de humor. Ele \u00e9 participante do<strong> Paralelo 10<\/strong> e um dos parceiros locais d&#8217;<a href=\"http:\/\/www.arocha.org\/br-pt\/index.html\" target=\"_blank\">A Rocha Brasil<\/a>. Gleidson mora no bairro de Felipe Camar\u00e3o, em Natal (RN). Foi uma alegria ver seu interesse em atuar com sua igreja local para a promo\u00e7\u00e3o do Reino de Deus. Um encontro acompanhado de muitas risadas.<\/p>\n<p>Reencontrei Alison Worral, representante da <a href=\"http:\/\/www.maosdadas.org\/\" target=\"_blank\">Rede M\u00e3os Dadas<\/a> para o Nordeste. Alison \u00e9 inglesa, mas tem cora\u00e7\u00e3o brasileiro. Ela tem o dom de juntar pessoas em torno de uma causa. Alison sempre viaja pelo interior do Nordeste para mapear aquela regi\u00e3o e encontrar pessoas, descobrir suas hist\u00f3rias e encontrar meio de apoi\u00e1-las. Ela tem sido uma grande parceira do <strong>Paralelo 10<\/strong>. Em suas visitas, sempre descobre algu\u00e9m que tem recebido as revistas e o material de apoio e que se mostram muito felizes por isso.<\/p>\n<p>Tamb\u00e9m reencontrei Elton e Zeni. O casal manauara passou dois anos em Vi\u00e7osa estudando no Centro Evang\u00e9lico de Miss\u00f5es como bolsistas do <strong>Paralelo 10<\/strong>. Agora eles est\u00e3o de volta a Manaus enfrentando os desafios de uma re-adapta\u00e7\u00e3o, mas muito animados para apoiar e participar de projetos na terra natal. No momento, eles tem apoiado o trabalho do Projeto Neemias, um projeto realizado por alguns crist\u00e3os com moradores de rua da cidade. Os desafios s\u00e3o muitos e Deus tem os aben\u00e7oado. Uma das atividades realizadas com este grupo \u00e9 a distribui\u00e7\u00e3o da revista Ultimato e a discuss\u00e3o de parte de seu conte\u00fado.<\/p>\n<p>Encontrei Robert Alan, um participante do <strong>Paralelo 10<\/strong> que conheceu o projeto por meio da <a href=\"http:\/\/www.abub.org.br\/\" target=\"_blank\">ABUB<\/a>. Ele \u00e9 de Salvador, BA. \u00c9 sempre bom ver o rosto daqueles com quem nos falamos apenas por cartas ou e-mails.<!--more--><\/p>\n<p>Encontrei tamb\u00e9m Samily, uma recifense que vai fazer parte do <strong>Paralelo 10<\/strong> a partir de agora. \u00c9 uma mo\u00e7a de voz forte e com muita vontade de servir fielmente o a Deus e cumprir o seu chamado.<\/p>\n<p>Sem d\u00favida, o mais significativo deste evento \u00e9 ver tantas pessoas servindo o pr\u00f3ximo e cumprindo o ide de Jesus. Os encontros foram muito bons!<\/p>\n<p>__________<\/p>\n<p><strong>Ivny Monteiro<\/strong> \u00e9 coordenadora do projeto Paralelo 10.<\/p>\n","protected":false},"excerpt":{"rendered":"<p>Dos dias 15 a 17 de setembro participei do VI Encontro Renas que aconteceu em Luzi\u00e2nia (GO). Encontro \u00e9 uma \u00f3tima palavra para este evento, afinal \u201cencontro\u201d foi o que mais aconteceu nestes dias. Encontrei pela primeira vez Gleidson, um pastor assembleiano potiguar de muito (muito mesmo!) senso de humor. Ele \u00e9 participante do Paralelo [&hellip;]<\/p>\n","protected":false},"author":2,"featured_media":0,"comment_status":"open","ping_status":"open","sticky":false,"template":"","format":"standard","meta":{"ngg_post_thumbnail":0,"footnotes":""},"categories":[95],"tags":[],"class_list":["post-1783","post","type-post","status-publish","format-standard","hentry","category-testemunhos"],"_links":{"self":[{"href":"https:\/\/ultimato.com.br\/sites\/paralelo10\/wp-json\/wp\/v2\/posts\/1783","targetHints":{"allow":["GET"]}}],"collection":[{"href":"https:\/\/ultimato.com.br\/sites\/paralelo10\/wp-json\/wp\/v2\/posts"}],"about":[{"href":"https:\/\/ultimato.com.br\/sites\/paralelo10\/wp-json\/wp\/v2\/types\/post"}],"author":[{"embeddable":true,"href":"https:\/\/ultimato.com.br\/sites\/paralelo10\/wp-json\/wp\/v2\/users\/2"}],"replies":[{"embeddable":true,"href":"https:\/\/ultimato.com.br\/sites\/paralelo10\/wp-json\/wp\/v2\/comments?post=1783"}],"version-history":[{"count":7,"href":"https:\/\/ultimato.com.br\/sites\/paralelo10\/wp-json\/wp\/v2\/posts\/1783\/revisions"}],"predecessor-version":[{"id":1796,"href":"https:\/\/ultimato.com.br\/sites\/paralelo10\/wp-json\/wp\/v2\/posts\/1783\/revisions\/1796"}],"wp:attachment":[{"href":"https:\/\/ultimato.com.br\/sites\/paralelo10\/wp-json\/wp\/v2\/media?parent=1783"}],"wp:term":[{"taxonomy":"category","embeddable":true,"href":"https:\/\/ultimato.com.br\/sites\/paralelo10\/wp-json\/wp\/v2\/categories?post=1783"},{"taxonomy":"post_tag","embeddable":true,"href":"https:\/\/ultimato.com.br\/sites\/paralelo10\/wp-json\/wp\/v2\/tags?post=1783"}],"curies":[{"name":"wp","href":"https:\/\/api.w.org\/{rel}","templated":true}]}}