{"id":1778,"date":"2011-09-26T14:57:29","date_gmt":"2011-09-26T17:57:29","guid":{"rendered":"http:\/\/ultimato.com.br\/sites\/paralelo10\/?p=1778"},"modified":"2011-10-05T15:35:30","modified_gmt":"2011-10-05T18:35:30","slug":"sbb-realiza-seminario-sobre-dependencia-quimica-em-recife","status":"publish","type":"post","link":"https:\/\/ultimato.com.br\/sites\/paralelo10\/2011\/09\/sbb-realiza-seminario-sobre-dependencia-quimica-em-recife\/","title":{"rendered":"SBB realiza Semin\u00e1rio sobre Depend\u00eancia Qu\u00edmica em Recife"},"content":{"rendered":"<p><a href=\"http:\/\/ultimato.com.br\/sites\/paralelo10\/files\/2011\/09\/26_09_recife_p10.jpg\" class=\"lightview\" data-lightview-group=\"group-1778\" data-lightview-options=\"skin: 'dark', controls: 'relative', padding: '10', shadow: { color: '#000000', opacity: 0.08, blur: 3 }\"><img loading=\"lazy\" decoding=\"async\" class=\"alignright size-medium wp-image-1779\" src=\"http:\/\/ultimato.com.br\/sites\/paralelo10\/files\/2011\/09\/26_09_recife_p10-300x201.jpg\" alt=\"\" width=\"300\" height=\"201\" srcset=\"https:\/\/ultimato.com.br\/sites\/paralelo10\/files\/2011\/09\/26_09_recife_p10-300x201.jpg 300w, https:\/\/ultimato.com.br\/sites\/paralelo10\/files\/2011\/09\/26_09_recife_p10-150x100.jpg 150w, https:\/\/ultimato.com.br\/sites\/paralelo10\/files\/2011\/09\/26_09_recife_p10.jpg 432w\" sizes=\"auto, (max-width: 300px) 100vw, 300px\" \/><\/a>(<a href=\"http:\/\/alcnoticias.net\/interior.php?codigo=20408&amp;lang=689\" target=\"_blank\">ALC<\/a>)\u00a0No dia 5 de outubro, acontece em Recife (PE) o <em>I Semin\u00e1rio sobre Depend\u00eancia Qu\u00edmica: A F\u00e9 na Recupera\u00e7\u00e3o<\/em>. Promovido pela Sociedade B\u00edblica do Brasil (SBB), o evento tem o objetivo de proporcionar um debate sobre a depend\u00eancia qu\u00edmica e espiritualidade no processo de recupera\u00e7\u00e3o e reintegra\u00e7\u00e3o social. O encontro, que pretende reunir representantes e volunt\u00e1rios de comunidades terap\u00eauticas, profissionais da \u00e1rea e interessados no assunto, ser\u00e1 realizado das 14h00 \u00e0s 17h30,  no Semin\u00e1rio de Educa\u00e7\u00e3o Crist\u00e3.<\/p>\n<p>\u201cCada vez mais, fica comprovada a influ\u00eancia da f\u00e9 na recupera\u00e7\u00e3o de dependentes qu\u00edmicos. Neste sentido, a mensagem b\u00edblica tem sido um importante aliado das comunidades terap\u00eauticas na desafiadora miss\u00e3o de devolver a auto-estima e semear a esperan\u00e7a de uma nova vida aos que se recuperam\u201d, afirma o secret\u00e1rio de Comunica\u00e7\u00e3o e A\u00e7\u00e3o Social da SBB, Ern\u00ed Seibert.<\/p>\n<p>Na programa\u00e7\u00e3o est\u00e3o previstas a apresenta\u00e7\u00e3o da COMTER (Comunidades Terap\u00eauticas em Rede) e as palestras \u201cA B\u00edblia na Recupera\u00e7\u00e3o\u201d e \u201cDrogas, Desafios e Possibilidades\u201d. \u201cO nosso intuito \u00e9 apresentar a B\u00edblia como um instrumento de transforma\u00e7\u00e3o na recupera\u00e7\u00e3o ou em situa\u00e7\u00e3o de depend\u00eancia, mostrar propostas de preven\u00e7\u00e3o e cuidados ao dependente e a fam\u00edlia, e, finalmente, propor um trabalho em rede\u201d, resume Seibert.<!--more--><\/p>\n<p>A SBB e o programa A B\u00edblia e a Paz: Fundada em 1948, no Rio de Janeiro, a Sociedade B\u00edblica do Brasil tem como miss\u00e3o &#8220;Promover a difus\u00e3o da B\u00edblia e sua mensagem como instrumento de transforma\u00e7\u00e3o espiritual, de fortalecimento dos valores \u00e9ticos e morais e de incentivo ao desenvolvimento humano, nos aspectos espiritual, educacional, cultural e social, em \u00e2mbito nacional\u201d. \u00c9 uma entidade sem fins lucrativos, de natureza religiosa, social e cultural. Sua finalidade \u00e9 traduzir, produzir e distribuir a B\u00edblia, um bem de valor inestim\u00e1vel, que deve ser disponibilizado a todas as pessoas. Por seu car\u00e1ter social, desenvolve programas com o objetivo de promover o desenvolvimento espiritual, \u00e9tico e social da popula\u00e7\u00e3o brasileira, entre eles A B\u00edblia e a Paz.<\/p>\n<p>Com o objetivo de combater as causas da viol\u00eancia, o programa A B\u00edblia e a Paz \u00e9 fundamentado na promo\u00e7\u00e3o de uma cultura de paz por meio da divulga\u00e7\u00e3o da mensagem e dos valores b\u00edblicos. Seu p\u00fablico-alvo \u00e9 formado por detentos, dependentes qu\u00edmicos e seus familiares, al\u00e9m de comunidades em situa\u00e7\u00e3o de risco social. Dele fazem parte os projetos A B\u00edblia no C\u00e1rcere, que visa contribuir para a ressocializa\u00e7\u00e3o do detento; e A B\u00edblia na Recupera\u00e7\u00e3o da Depend\u00eancia, que tem possibilitado \u00e0 SBB enfatizar o trabalho com as comunidades terap\u00eauticas e organiza\u00e7\u00f5es voltadas ao tratamento e preven\u00e7\u00e3o ao uso de drogas, promovendo encontros para troca de experi\u00eancia e distribuindo literatura b\u00edblica espec\u00edfica. Uma dessas obras \u00e9 a B\u00edblia de Estudo Despertar, que tem como base o programa dos Doze Passos, adotado pelos alco\u00f3licos An\u00f4nimos, conduzindo o leitor a ensinamentos das Escrituras Sagradas que contribuem para o processo de recupera\u00e7\u00e3o.<\/p>\n<p>Por meio do Programa \u201cA B\u00edblia na recupera\u00e7\u00e3o da depend\u00eancia\u201d, a SBB promove desde 2008 os semin\u00e1rios, cujo grande diferencial \u00e9 divulgar o papel da B\u00edblia neste processo e incentivar a participa\u00e7\u00e3o de dependentes qu\u00edmicos em recupera\u00e7\u00e3o, sejam eles internados em comunidades terap\u00eauticas ou em tratamento ambulatorial.  As primeiras edi\u00e7\u00f5es foram realizadas em Barueri, no Museu da B\u00edblia, e agora o evento come\u00e7a tamb\u00e9m a ser promovido em outras cidades do Brasil, como Porto Alegre (RS), Curitiba (PR) e Recife (PE).<\/p>\n<p>&nbsp;<\/p>\n<p><strong>I Semin\u00e1rio sobre Depend\u00eancia Qu\u00edmica: A B\u00edblia na Recupera\u00e7\u00e3o<br \/>\n<\/strong>Data: 05 de outubro<br \/>\nHor\u00e1rio: 14h00 \u2013 17h30<br \/>\nLocal: Semin\u00e1rio de Educa\u00e7\u00e3o Crist\u00e3<br \/>\nRua Padre Ingl\u00eas, 143, Boa Vista \u2013 Recife \u2013 PE<br \/>\n<a href=\"http:\/\/www.sbb.org.br\/interna.asp?areaID=264\" target=\"_blank\">http:\/\/www.sbb.org.br\/interna.asp?areaID=264<\/a><\/p>\n","protected":false},"excerpt":{"rendered":"<p>(ALC)\u00a0No dia 5 de outubro, acontece em Recife (PE) o I Semin\u00e1rio sobre Depend\u00eancia Qu\u00edmica: A F\u00e9 na Recupera\u00e7\u00e3o. Promovido pela Sociedade B\u00edblica do Brasil (SBB), o evento tem o objetivo de proporcionar um debate sobre a depend\u00eancia qu\u00edmica e espiritualidade no processo de recupera\u00e7\u00e3o e reintegra\u00e7\u00e3o social. O encontro, que pretende reunir representantes e [&hellip;]<\/p>\n","protected":false},"author":2,"featured_media":0,"comment_status":"open","ping_status":"open","sticky":false,"template":"","format":"standard","meta":{"ngg_post_thumbnail":0,"footnotes":""},"categories":[7],"tags":[],"class_list":["post-1778","post","type-post","status-publish","format-standard","hentry","category-noticias"],"_links":{"self":[{"href":"https:\/\/ultimato.com.br\/sites\/paralelo10\/wp-json\/wp\/v2\/posts\/1778","targetHints":{"allow":["GET"]}}],"collection":[{"href":"https:\/\/ultimato.com.br\/sites\/paralelo10\/wp-json\/wp\/v2\/posts"}],"about":[{"href":"https:\/\/ultimato.com.br\/sites\/paralelo10\/wp-json\/wp\/v2\/types\/post"}],"author":[{"embeddable":true,"href":"https:\/\/ultimato.com.br\/sites\/paralelo10\/wp-json\/wp\/v2\/users\/2"}],"replies":[{"embeddable":true,"href":"https:\/\/ultimato.com.br\/sites\/paralelo10\/wp-json\/wp\/v2\/comments?post=1778"}],"version-history":[{"count":3,"href":"https:\/\/ultimato.com.br\/sites\/paralelo10\/wp-json\/wp\/v2\/posts\/1778\/revisions"}],"predecessor-version":[{"id":1807,"href":"https:\/\/ultimato.com.br\/sites\/paralelo10\/wp-json\/wp\/v2\/posts\/1778\/revisions\/1807"}],"wp:attachment":[{"href":"https:\/\/ultimato.com.br\/sites\/paralelo10\/wp-json\/wp\/v2\/media?parent=1778"}],"wp:term":[{"taxonomy":"category","embeddable":true,"href":"https:\/\/ultimato.com.br\/sites\/paralelo10\/wp-json\/wp\/v2\/categories?post=1778"},{"taxonomy":"post_tag","embeddable":true,"href":"https:\/\/ultimato.com.br\/sites\/paralelo10\/wp-json\/wp\/v2\/tags?post=1778"}],"curies":[{"name":"wp","href":"https:\/\/api.w.org\/{rel}","templated":true}]}}