{"id":1772,"date":"2011-09-14T17:10:27","date_gmt":"2011-09-14T20:10:27","guid":{"rendered":"http:\/\/ultimato.com.br\/sites\/paralelo10\/?p=1772"},"modified":"2011-09-27T16:33:36","modified_gmt":"2011-09-27T19:33:36","slug":"belem-sedia-conferencia-sul-americana-e-brasileira-de-midia-cidada","status":"publish","type":"post","link":"https:\/\/ultimato.com.br\/sites\/paralelo10\/2011\/09\/belem-sedia-conferencia-sul-americana-e-brasileira-de-midia-cidada\/","title":{"rendered":"Bel\u00e9m sedia Confer\u00eancia Sul-Americana e Brasileira de M\u00eddia Cidad\u00e3"},"content":{"rendered":"<p><img loading=\"lazy\" decoding=\"async\" class=\"alignright\" src=\"http:\/\/www.onu.org.br\/img\/midiacidada2011-420x154.png\" alt=\"\" width=\"336\" height=\"123\" \/><\/p>\n<p>(<a href=\"http:\/\/www.onu.org.br\/belem-sedia-conferencia-sul-americana-e-brasileira-de-midia-cidada\/\" target=\"_blank\">ONU-Brasil<\/a>) A regi\u00e3o Norte sedia, pela primeira vez, a Confer\u00eancia de M\u00eddia Cidad\u00e3. Com o tema \u201cAmaz\u00f4nia e o direito de comunicar\u201d, neste ano ser\u00e3o realizadas a II Confer\u00eancia Sul-Americana e VII Confer\u00eancia Brasileira de M\u00eddia Cidad\u00e3. O evento ocorrer\u00e1 em Bel\u00e9m, entre os dias 17 e 22 de outubro de 2011. As inscri\u00e7\u00f5es j\u00e1 come\u00e7aram e v\u00e3o at\u00e9 o dia 10 de outubro de 2011.<\/p>\n<p>A partir da tem\u00e1tica central, que focaliza um olhar diferente sobre uma regi\u00e3o t\u00e3o diversificada, de m\u00faltiplas culturas, povos e identidades quanto a Amaz\u00f4nia, a Confer\u00eancia prop\u00f5e uma media\u00e7\u00e3o entre pesquisadores, produtores e ativistas envolvidos.<\/p>\n<p>O evento busca ainda socializar produ\u00e7\u00f5es midi\u00e1ticas feitas por movimentos sociais, ONGs, entidades p\u00fablicas e empresas privadas, bem como incitar uma intera\u00e7\u00e3o entre as \u00e1reas de Comunica\u00e7\u00e3o, Direito, Educa\u00e7\u00e3o, Tecnologia, Sa\u00fade, Artes e \u00e1reas afins, de diferentes universidades e faculdades, com movimentos sociais e outras institui\u00e7\u00f5es.<\/p>\n<p>Promovido desde 2005 pela C\u00e1tedra UNESCO\/UMESP de Comunica\u00e7\u00e3o para o Desenvolvimento Regional, na atual edi\u00e7\u00e3o s\u00e3o esperados cerca de 700 participantes de todo o Brasil e de v\u00e1rios pa\u00edses da Am\u00e9rica do Sul.<!--more--><\/p>\n<p><strong>Programa\u00e7\u00e3o<\/strong><\/p>\n<p>Durante o evento ser\u00e3o realizados pain\u00e9is, oficinas, sess\u00f5es de apresenta\u00e7\u00e3o de trabalhos cient\u00edficos, relatos de experi\u00eancia, sess\u00f5es de lan\u00e7amento de livros e atividades culturais. Quem se interessar poder\u00e1 se inscrever no site do evento: <a href=\"www.midiacidada.ufpa.br\" target=\"_blank\">www.midiacidada.ufpa.br<\/a><\/p>\n<p>A II Confer\u00eancia Sul-Americana de M\u00eddia Cidad\u00e3 e VII Confer\u00eancia Brasileira de M\u00eddia Cidad\u00e3 \u00e9 uma promo\u00e7\u00e3o da C\u00e1tedra UNESCO\/UMESP e da Rede Nacional Pr\u00f3-M\u00eddia Cidad\u00e3. A Universidade Federal do Par\u00e1 (UFPA) realiza o evento por meio do Instituto de Ci\u00eancias Jur\u00eddicas (ICJ), Instituto de Letras e Comunica\u00e7\u00e3o (ILC), Instituto de Ci\u00eancias da Arte (ICA), Faculdade de Comunica\u00e7\u00e3o, PPGCOM \u201cComunica\u00e7\u00e3o, Cultura e Amaz\u00f4nia\u201d, da Assessoria de Educa\u00e7\u00e3o a Dist\u00e2ncia (AEDi) e das Pr\u00f3-Reitoras de Ensino de Gradua\u00e7\u00e3o (PROEG) e de Extens\u00e3o (PROEX), al\u00e9m da co-realiza\u00e7\u00e3o do Museu Paraense Em\u00edlio Goeldi (MPEG).<\/p>\n<p><strong>Servi\u00e7o<\/strong><\/p>\n<p>II Confer\u00eancia Sul-Americana e VII Confer\u00eancia Brasileira de M\u00eddia Cidad\u00e3<br \/>\nTema: \u201cAmaz\u00f4nia e o direito de comunicar\u201d.<br \/>\nData: 17 a 22 de outubro de 2011.<br \/>\nEmail: <a href=\"midiacidada2011@gmail.com\" target=\"_blank\">midiacidada2011@gmail.com<\/a><br \/>\nTel: (91) 4005-7436\/             (91) 3201-8699<br \/>\nSite: <a href=\"midiacidada.ufpa.br\" target=\"_blank\">midiacidada.ufpa.br<\/a><\/p>\n","protected":false},"excerpt":{"rendered":"<p>(ONU-Brasil) A regi\u00e3o Norte sedia, pela primeira vez, a Confer\u00eancia de M\u00eddia Cidad\u00e3. Com o tema \u201cAmaz\u00f4nia e o direito de comunicar\u201d, neste ano ser\u00e3o realizadas a II Confer\u00eancia Sul-Americana e VII Confer\u00eancia Brasileira de M\u00eddia Cidad\u00e3. O evento ocorrer\u00e1 em Bel\u00e9m, entre os dias 17 e 22 de outubro de 2011. As inscri\u00e7\u00f5es j\u00e1 [&hellip;]<\/p>\n","protected":false},"author":2,"featured_media":0,"comment_status":"open","ping_status":"open","sticky":false,"template":"","format":"standard","meta":{"ngg_post_thumbnail":0,"footnotes":""},"categories":[7],"tags":[],"class_list":["post-1772","post","type-post","status-publish","format-standard","hentry","category-noticias"],"_links":{"self":[{"href":"https:\/\/ultimato.com.br\/sites\/paralelo10\/wp-json\/wp\/v2\/posts\/1772","targetHints":{"allow":["GET"]}}],"collection":[{"href":"https:\/\/ultimato.com.br\/sites\/paralelo10\/wp-json\/wp\/v2\/posts"}],"about":[{"href":"https:\/\/ultimato.com.br\/sites\/paralelo10\/wp-json\/wp\/v2\/types\/post"}],"author":[{"embeddable":true,"href":"https:\/\/ultimato.com.br\/sites\/paralelo10\/wp-json\/wp\/v2\/users\/2"}],"replies":[{"embeddable":true,"href":"https:\/\/ultimato.com.br\/sites\/paralelo10\/wp-json\/wp\/v2\/comments?post=1772"}],"version-history":[{"count":4,"href":"https:\/\/ultimato.com.br\/sites\/paralelo10\/wp-json\/wp\/v2\/posts\/1772\/revisions"}],"predecessor-version":[{"id":1775,"href":"https:\/\/ultimato.com.br\/sites\/paralelo10\/wp-json\/wp\/v2\/posts\/1772\/revisions\/1775"}],"wp:attachment":[{"href":"https:\/\/ultimato.com.br\/sites\/paralelo10\/wp-json\/wp\/v2\/media?parent=1772"}],"wp:term":[{"taxonomy":"category","embeddable":true,"href":"https:\/\/ultimato.com.br\/sites\/paralelo10\/wp-json\/wp\/v2\/categories?post=1772"},{"taxonomy":"post_tag","embeddable":true,"href":"https:\/\/ultimato.com.br\/sites\/paralelo10\/wp-json\/wp\/v2\/tags?post=1772"}],"curies":[{"name":"wp","href":"https:\/\/api.w.org\/{rel}","templated":true}]}}