{"id":1747,"date":"2011-08-30T11:00:53","date_gmt":"2011-08-30T14:00:53","guid":{"rendered":"http:\/\/ultimato.com.br\/sites\/paralelo10\/?p=1747"},"modified":"2011-08-30T11:01:19","modified_gmt":"2011-08-30T14:01:19","slug":"acre-e-o-estado-mais-evangelico-pentecostal","status":"publish","type":"post","link":"https:\/\/ultimato.com.br\/sites\/paralelo10\/2011\/08\/acre-e-o-estado-mais-evangelico-pentecostal\/","title":{"rendered":"Acre \u00e9 o estado mais evang\u00e9lico pentecostal"},"content":{"rendered":"<p>(<a href=\"http:\/\/www.creio.com.br\/2008\/noticias01.asp?noticia=15084\" target=\"_blank\">Portal Creio<\/a>) A popula\u00e7\u00e3o da Acre \u00e9 a mais evang\u00e9lica pentecostal do pa\u00eds, com 24,18% do total. Em Rio Branco, a capital, a propor\u00e7\u00e3o \u00e9 de 28,43%<\/p>\n<p>Em segundo lugar, na rela\u00e7\u00e3o de Estados, vem Rond\u00f4nia, com 19,95%, seguido por Par\u00e1 (19,41%) e Amap\u00e1 (19,01%). S\u00e3o Paulo ficou em 13\u00ba lugar, com 14,62%, e o Rio de Janeiro em 15\u00ba, com 14,18%. Esses dados s\u00e3o do Novo Mapa das Religi\u00f5es elaborado pela Funda\u00e7\u00e3o Get\u00falio Vargas com dados de 2009 da POF (Pesquisa de Or\u00e7amento Familiar), do IBGE.<\/p>\n<p>Os fi\u00e9is das pentecostais representaram naquele ano 12,76% da popula\u00e7\u00e3o. As igrejas pentecostais s\u00e3o as que mais t\u00eam se expandido. O pesquisador Marcelo N\u00e9ri, o respons\u00e1vel pelo mapa, disse que a Assembleia de Deus j\u00e1 \u00e9 a segunda maior igreja do Brasil, abaixo da Cat\u00f3lica.<\/p>\n<p>Os evang\u00e9licos &#8212; pentecostais e de outras denomina\u00e7\u00f5es &#8212; subiram de 17,9% em 2003 para 20,2% em 2009. Eles s\u00e3o representativos principalmente nas classes D e E, afirmou N\u00e9ri.<\/p>\n<p style=\"text-align: center;\"><a href=\"http:\/\/ultimato.com.br\/sites\/paralelo10\/files\/2011\/08\/30_08_mapa_evang_p10.jpg\" class=\"lightview\" data-lightview-group=\"group-1747\" data-lightview-options=\"skin: 'dark', controls: 'relative', padding: '10', shadow: { color: '#000000', opacity: 0.08, blur: 3 }\"><img loading=\"lazy\" decoding=\"async\" class=\"aligncenter size-large wp-image-1749\" src=\"http:\/\/ultimato.com.br\/sites\/paralelo10\/files\/2011\/08\/30_08_mapa_evang_p10-1024x933.jpg\" alt=\"\" width=\"574\" height=\"522\" srcset=\"https:\/\/ultimato.com.br\/sites\/paralelo10\/files\/2011\/08\/30_08_mapa_evang_p10-1024x933.jpg 1024w, https:\/\/ultimato.com.br\/sites\/paralelo10\/files\/2011\/08\/30_08_mapa_evang_p10-300x273.jpg 300w, https:\/\/ultimato.com.br\/sites\/paralelo10\/files\/2011\/08\/30_08_mapa_evang_p10-150x136.jpg 150w, https:\/\/ultimato.com.br\/sites\/paralelo10\/files\/2011\/08\/30_08_mapa_evang_p10.jpg 1316w\" sizes=\"auto, (max-width: 574px) 100vw, 574px\" \/><\/a><\/p>\n","protected":false},"excerpt":{"rendered":"<p>(Portal Creio) A popula\u00e7\u00e3o da Acre \u00e9 a mais evang\u00e9lica pentecostal do pa\u00eds, com 24,18% do total. Em Rio Branco, a capital, a propor\u00e7\u00e3o \u00e9 de 28,43% Em segundo lugar, na rela\u00e7\u00e3o de Estados, vem Rond\u00f4nia, com 19,95%, seguido por Par\u00e1 (19,41%) e Amap\u00e1 (19,01%). S\u00e3o Paulo ficou em 13\u00ba lugar, com 14,62%, e o [&hellip;]<\/p>\n","protected":false},"author":2,"featured_media":0,"comment_status":"open","ping_status":"open","sticky":false,"template":"","format":"standard","meta":{"ngg_post_thumbnail":0,"footnotes":""},"categories":[7],"tags":[],"class_list":["post-1747","post","type-post","status-publish","format-standard","hentry","category-noticias"],"_links":{"self":[{"href":"https:\/\/ultimato.com.br\/sites\/paralelo10\/wp-json\/wp\/v2\/posts\/1747","targetHints":{"allow":["GET"]}}],"collection":[{"href":"https:\/\/ultimato.com.br\/sites\/paralelo10\/wp-json\/wp\/v2\/posts"}],"about":[{"href":"https:\/\/ultimato.com.br\/sites\/paralelo10\/wp-json\/wp\/v2\/types\/post"}],"author":[{"embeddable":true,"href":"https:\/\/ultimato.com.br\/sites\/paralelo10\/wp-json\/wp\/v2\/users\/2"}],"replies":[{"embeddable":true,"href":"https:\/\/ultimato.com.br\/sites\/paralelo10\/wp-json\/wp\/v2\/comments?post=1747"}],"version-history":[{"count":3,"href":"https:\/\/ultimato.com.br\/sites\/paralelo10\/wp-json\/wp\/v2\/posts\/1747\/revisions"}],"predecessor-version":[{"id":1751,"href":"https:\/\/ultimato.com.br\/sites\/paralelo10\/wp-json\/wp\/v2\/posts\/1747\/revisions\/1751"}],"wp:attachment":[{"href":"https:\/\/ultimato.com.br\/sites\/paralelo10\/wp-json\/wp\/v2\/media?parent=1747"}],"wp:term":[{"taxonomy":"category","embeddable":true,"href":"https:\/\/ultimato.com.br\/sites\/paralelo10\/wp-json\/wp\/v2\/categories?post=1747"},{"taxonomy":"post_tag","embeddable":true,"href":"https:\/\/ultimato.com.br\/sites\/paralelo10\/wp-json\/wp\/v2\/tags?post=1747"}],"curies":[{"name":"wp","href":"https:\/\/api.w.org\/{rel}","templated":true}]}}