{"id":1729,"date":"2011-08-24T11:06:45","date_gmt":"2011-08-24T14:06:45","guid":{"rendered":"http:\/\/ultimato.com.br\/sites\/paralelo10\/?p=1729"},"modified":"2011-08-24T11:08:38","modified_gmt":"2011-08-24T14:08:38","slug":"a-sociedade-em-rede-e-a-crianca-e-o-adolescente","status":"publish","type":"post","link":"https:\/\/ultimato.com.br\/sites\/paralelo10\/2011\/08\/a-sociedade-em-rede-e-a-crianca-e-o-adolescente\/","title":{"rendered":"A Sociedade em Rede e a Crian\u00e7a e o Adolescente"},"content":{"rendered":"<p><a href=\"http:\/\/ultimato.com.br\/sites\/paralelo10\/files\/2011\/08\/24_08_RE-II_p10.jpg\" class=\"lightview\" data-lightview-group=\"group-1729\" data-lightview-options=\"skin: 'dark', controls: 'relative', padding: '10', shadow: { color: '#000000', opacity: 0.08, blur: 3 }\" data-lightview-title=\"24_08_RE-II_p10\"><img loading=\"lazy\" decoding=\"async\" class=\"aligncenter size-full wp-image-1730\" title=\"24_08_RE-II_p10\" src=\"http:\/\/ultimato.com.br\/sites\/paralelo10\/files\/2011\/08\/24_08_RE-II_p10.jpg\" alt=\"\" width=\"407\" height=\"194\" srcset=\"https:\/\/ultimato.com.br\/sites\/paralelo10\/files\/2011\/08\/24_08_RE-II_p10.jpg 407w, https:\/\/ultimato.com.br\/sites\/paralelo10\/files\/2011\/08\/24_08_RE-II_p10-300x142.jpg 300w, https:\/\/ultimato.com.br\/sites\/paralelo10\/files\/2011\/08\/24_08_RE-II_p10-150x71.jpg 150w\" sizes=\"auto, (max-width: 407px) 100vw, 407px\" \/><\/a><\/p>\n<p>O Semin\u00e1rio <a href=\"http:\/\/www.promenino.org.br\/Ferramentas\/DireitosdasCriancaseAdolescentes\/tabid\/77\/ConteudoId\/a83cac20-3051-4343-ad6d-3be7476b25bd\/Default.aspx\" target=\"_blank\">A Sociedade em Rede e a Crian\u00e7a e o Adolescente \u2013 integrar pol\u00edticas e promover direitos<\/a>, promovido pela Funda\u00e7\u00e3o Telef\u00f4nica | Vivo, pretende estimular a articula\u00e7\u00e3o entre os atores envolvidos com a promo\u00e7\u00e3o e a garantia dos direitos infantojuvenis, em especial os conselhos dos direitos e tutelares. Com isso, busca contribuir para a forma\u00e7\u00e3o e o desenvolvimento de tais conselhos, al\u00e9m de incentivar seu engajamento em redes de aten\u00e7\u00e3o \u00e0s crian\u00e7as e adolescentes, cujos principais desafios e oportunidades de fortalecimento tamb\u00e9m estar\u00e3o em pauta no encontro.<\/p>\n<p><img loading=\"lazy\" decoding=\"async\" class=\"size-thumbnail wp-image-1731 alignleft\" title=\"ilust_home\" src=\"http:\/\/ultimato.com.br\/sites\/paralelo10\/files\/2011\/08\/ilust_home-150x150.png\" alt=\"\" width=\"105\" height=\"105\" srcset=\"https:\/\/ultimato.com.br\/sites\/paralelo10\/files\/2011\/08\/ilust_home-150x150.png 150w, https:\/\/ultimato.com.br\/sites\/paralelo10\/files\/2011\/08\/ilust_home-80x80.png 80w\" sizes=\"auto, (max-width: 105px) 100vw, 105px\" \/><\/p>\n<p>O evento ser\u00e1 realizado em Olinda (PE), em parceria com o Conselho Estadual dos Direitos da Crian\u00e7a e do Adolescente de Pernambuco, mas <strong>as inscri\u00e7\u00f5es j\u00e1 foram encerradas<\/strong>. Caso voc\u00ea n\u00e3o tenha conseguido se inscrever, n\u00e3o deixe de acompanhar a <a href=\"http:\/\/www.promenino.org.br\/Ferramentas\/DireitosdasCriancaseAdolescentes\/tabid\/77\/ConteudoId\/7522a431-668b-4369-a916-901f9e76c904\/Default.aspx\" target=\"_blank\">transmiss\u00e3o online e ao vivo dos debates<\/a> no hotsite.<\/p>\n<p><span style=\"text-decoration: underline;\">No Twitter<\/span>: leia e publique sobre o semin\u00e1rio com <strong>#sredes<\/strong><\/p>\n","protected":false},"excerpt":{"rendered":"<p>O Semin\u00e1rio A Sociedade em Rede e a Crian\u00e7a e o Adolescente \u2013 integrar pol\u00edticas e promover direitos, promovido pela Funda\u00e7\u00e3o Telef\u00f4nica | Vivo, pretende estimular a articula\u00e7\u00e3o entre os atores envolvidos com a promo\u00e7\u00e3o e a garantia dos direitos infantojuvenis, em especial os conselhos dos direitos e tutelares. Com isso, busca contribuir para a [&hellip;]<\/p>\n","protected":false},"author":2,"featured_media":0,"comment_status":"open","ping_status":"open","sticky":false,"template":"","format":"standard","meta":{"ngg_post_thumbnail":0,"footnotes":""},"categories":[1],"tags":[],"class_list":["post-1729","post","type-post","status-publish","format-standard","hentry","category-uncategorized"],"_links":{"self":[{"href":"https:\/\/ultimato.com.br\/sites\/paralelo10\/wp-json\/wp\/v2\/posts\/1729","targetHints":{"allow":["GET"]}}],"collection":[{"href":"https:\/\/ultimato.com.br\/sites\/paralelo10\/wp-json\/wp\/v2\/posts"}],"about":[{"href":"https:\/\/ultimato.com.br\/sites\/paralelo10\/wp-json\/wp\/v2\/types\/post"}],"author":[{"embeddable":true,"href":"https:\/\/ultimato.com.br\/sites\/paralelo10\/wp-json\/wp\/v2\/users\/2"}],"replies":[{"embeddable":true,"href":"https:\/\/ultimato.com.br\/sites\/paralelo10\/wp-json\/wp\/v2\/comments?post=1729"}],"version-history":[{"count":3,"href":"https:\/\/ultimato.com.br\/sites\/paralelo10\/wp-json\/wp\/v2\/posts\/1729\/revisions"}],"predecessor-version":[{"id":1734,"href":"https:\/\/ultimato.com.br\/sites\/paralelo10\/wp-json\/wp\/v2\/posts\/1729\/revisions\/1734"}],"wp:attachment":[{"href":"https:\/\/ultimato.com.br\/sites\/paralelo10\/wp-json\/wp\/v2\/media?parent=1729"}],"wp:term":[{"taxonomy":"category","embeddable":true,"href":"https:\/\/ultimato.com.br\/sites\/paralelo10\/wp-json\/wp\/v2\/categories?post=1729"},{"taxonomy":"post_tag","embeddable":true,"href":"https:\/\/ultimato.com.br\/sites\/paralelo10\/wp-json\/wp\/v2\/tags?post=1729"}],"curies":[{"name":"wp","href":"https:\/\/api.w.org\/{rel}","templated":true}]}}