{"id":1711,"date":"2011-08-15T14:31:26","date_gmt":"2011-08-15T17:31:26","guid":{"rendered":"http:\/\/ultimato.com.br\/sites\/paralelo10\/?p=1711"},"modified":"2011-08-15T14:31:26","modified_gmt":"2011-08-15T17:31:26","slug":"projeto-plantacao","status":"publish","type":"post","link":"https:\/\/ultimato.com.br\/sites\/paralelo10\/2011\/08\/projeto-plantacao\/","title":{"rendered":"Projeto Planta\u00e7\u00e3o"},"content":{"rendered":"<p>O <strong>Projeto Planta\u00e7\u00e3o<\/strong> completa tr\u00eas meses em Concei\u00e7\u00e3o (PB) e os agricultores vibram com os bons resultados. Dona Gorete, agricultora do Projeto, disse que apurou R$100,00 na porta de casa vendendo coentro e alface em uma semana. &#8220;O povo t\u00e1 vindo comprar nossas verduras aqui&#8221;, disse, satisfeita com o Projeto.<\/p>\n<p style=\"text-align: center;\">\n<div id=\"attachment_1712\" style=\"width: 594px\" class=\"wp-caption aligncenter\"><a href=\"http:\/\/ultimato.com.br\/sites\/paralelo10\/files\/2011\/08\/15_08_projetoplantacao_p10.jpg\" class=\"lightview\" data-lightview-group=\"group-1711\" data-lightview-options=\"skin: 'dark', controls: 'relative', padding: '10', shadow: { color: '#000000', opacity: 0.08, blur: 3 }\"><img loading=\"lazy\" decoding=\"async\" aria-describedby=\"caption-attachment-1712\" class=\"size-full wp-image-1712 \" src=\"http:\/\/ultimato.com.br\/sites\/paralelo10\/files\/2011\/08\/15_08_projetoplantacao_p10.jpg\" alt=\"\" width=\"584\" height=\"438\" srcset=\"https:\/\/ultimato.com.br\/sites\/paralelo10\/files\/2011\/08\/15_08_projetoplantacao_p10.jpg 730w, https:\/\/ultimato.com.br\/sites\/paralelo10\/files\/2011\/08\/15_08_projetoplantacao_p10-300x224.jpg 300w, https:\/\/ultimato.com.br\/sites\/paralelo10\/files\/2011\/08\/15_08_projetoplantacao_p10-150x112.jpg 150w\" sizes=\"auto, (max-width: 584px) 100vw, 584px\" \/><\/a><p id=\"caption-attachment-1712\" class=\"wp-caption-text\">Pastores Lindon Carlos, Oseias e Ma\u00e9sio visitando comunidade em Queimadas, em Concei\u00e7\u00e3o (PB)<\/p><\/div>\n<p style=\"text-align: left;\">O Projeto Planta\u00e7\u00e3o faz parte do Programa Sert\u00e3o Sustent\u00e1vel da <a href=\"http:\/\/www.acevsocial.org.br\/blog\/\" target=\"_blank\">ACEV Social<\/a>. Al\u00e9m de hortali\u00e7as, os agricultores plantaram nim, moringa e frutas e j\u00e1 est\u00e3o comercializando os produtos nas cidades de Concei\u00e7\u00e3o e Santa In\u00eas, na Para\u00edba. No m\u00eas de julho, os agricultores, acompanhados de\u00a0Ivonildo, t\u00e9cnico agr\u00edcola da ACEV Social, foram cadastrados no DAP (Declara\u00e7\u00e3o de Aptid\u00e3o ao Pronaf), em Concei\u00e7\u00e3o. O DAP \u00e9 utilizado como instrumento de identifica\u00e7\u00e3o do agricultor familiar para acessar pol\u00edticas p\u00fablicas, a exemplo do <a href=\"http:\/\/portal.mda.gov.br\/portal\/saf\/programas\/pronaf\" target=\"_blank\">Pronaf<\/a>.<\/p>\n<p>As mulheres da comunidade agora t\u00eam tanques para lavar roupa e um local de higieniza\u00e7\u00e3o para as verduras, legumes e frutas.<\/p>\n<p><em>[Texto publicado no informativo 213 da ACEV]<\/em><\/p>\n","protected":false},"excerpt":{"rendered":"<p>O Projeto Planta\u00e7\u00e3o completa tr\u00eas meses em Concei\u00e7\u00e3o (PB) e os agricultores vibram com os bons resultados. Dona Gorete, agricultora do Projeto, disse que apurou R$100,00 na porta de casa vendendo coentro e alface em uma semana. &#8220;O povo t\u00e1 vindo comprar nossas verduras aqui&#8221;, disse, satisfeita com o Projeto. O Projeto Planta\u00e7\u00e3o faz parte [&hellip;]<\/p>\n","protected":false},"author":2,"featured_media":0,"comment_status":"open","ping_status":"open","sticky":false,"template":"","format":"standard","meta":{"ngg_post_thumbnail":0,"footnotes":""},"categories":[7,95],"tags":[],"class_list":["post-1711","post","type-post","status-publish","format-standard","hentry","category-noticias","category-testemunhos"],"_links":{"self":[{"href":"https:\/\/ultimato.com.br\/sites\/paralelo10\/wp-json\/wp\/v2\/posts\/1711","targetHints":{"allow":["GET"]}}],"collection":[{"href":"https:\/\/ultimato.com.br\/sites\/paralelo10\/wp-json\/wp\/v2\/posts"}],"about":[{"href":"https:\/\/ultimato.com.br\/sites\/paralelo10\/wp-json\/wp\/v2\/types\/post"}],"author":[{"embeddable":true,"href":"https:\/\/ultimato.com.br\/sites\/paralelo10\/wp-json\/wp\/v2\/users\/2"}],"replies":[{"embeddable":true,"href":"https:\/\/ultimato.com.br\/sites\/paralelo10\/wp-json\/wp\/v2\/comments?post=1711"}],"version-history":[{"count":1,"href":"https:\/\/ultimato.com.br\/sites\/paralelo10\/wp-json\/wp\/v2\/posts\/1711\/revisions"}],"predecessor-version":[{"id":1713,"href":"https:\/\/ultimato.com.br\/sites\/paralelo10\/wp-json\/wp\/v2\/posts\/1711\/revisions\/1713"}],"wp:attachment":[{"href":"https:\/\/ultimato.com.br\/sites\/paralelo10\/wp-json\/wp\/v2\/media?parent=1711"}],"wp:term":[{"taxonomy":"category","embeddable":true,"href":"https:\/\/ultimato.com.br\/sites\/paralelo10\/wp-json\/wp\/v2\/categories?post=1711"},{"taxonomy":"post_tag","embeddable":true,"href":"https:\/\/ultimato.com.br\/sites\/paralelo10\/wp-json\/wp\/v2\/tags?post=1711"}],"curies":[{"name":"wp","href":"https:\/\/api.w.org\/{rel}","templated":true}]}}