{"id":1702,"date":"2011-08-08T16:29:51","date_gmt":"2011-08-08T19:29:51","guid":{"rendered":"http:\/\/ultimato.com.br\/sites\/paralelo10\/?p=1702"},"modified":"2011-08-08T16:32:46","modified_gmt":"2011-08-08T19:32:46","slug":"noticias-do-conplei","status":"publish","type":"post","link":"https:\/\/ultimato.com.br\/sites\/paralelo10\/2011\/08\/noticias-do-conplei\/","title":{"rendered":"Not\u00edcias do Conplei"},"content":{"rendered":"<p>O Conselho Nacional de Pastores e L\u00edderes Evang\u00e9licos Ind\u00edgenas (Conplei) tem sido um instrumento usado pelo Senhor para o despertamento dos povos ind\u00edgenas \u00e0 Palavra de Deus em um verdadeiro movimento mission\u00e1rio aut\u00f3ctone. O encontro no Alto Rio Negro no m\u00eas de julho, com cerca de 1.000 ind\u00edgenas, foi muit\u00edssimo proveitoso e um marco de uni\u00e3o e despertamento para os assuntos do Reino. Um outro encontro acontecer\u00e1 em novembro, no estado de Roraima. Orem pela lideran\u00e7a do Conplei, especialmente nossos irm\u00e3os Henrique Terena, Eli Tikuna, Edson Bakairi,  Luiz Bitencourt, Jaison Guarani, Leon\u00edzia Firmo e Paulo Nunes.<\/p>\n<p><a href=\"http:\/\/ultimato.com.br\/sites\/paralelo10\/files\/2011\/08\/08_08_p10_conplei20111.jpg\" class=\"lightview\" data-lightview-group=\"group-1702\" data-lightview-options=\"skin: 'dark', controls: 'relative', padding: '10', shadow: { color: '#000000', opacity: 0.08, blur: 3 }\" data-lightview-title=\"Cl\u00e1udio Henrique: CONPLEI\"><img loading=\"lazy\" decoding=\"async\" class=\"aligncenter size-full wp-image-1704\" title=\"Cl\u00e1udio Henrique: CONPLEI\" src=\"http:\/\/ultimato.com.br\/sites\/paralelo10\/files\/2011\/08\/08_08_p10_conplei20111.jpg\" alt=\"\" width=\"448\" height=\"299\" srcset=\"https:\/\/ultimato.com.br\/sites\/paralelo10\/files\/2011\/08\/08_08_p10_conplei20111.jpg 448w, https:\/\/ultimato.com.br\/sites\/paralelo10\/files\/2011\/08\/08_08_p10_conplei20111-300x200.jpg 300w, https:\/\/ultimato.com.br\/sites\/paralelo10\/files\/2011\/08\/08_08_p10_conplei20111-150x100.jpg 150w\" sizes=\"auto, (max-width: 448px) 100vw, 448px\" \/><\/a>Se voc\u00ea deseja conhecer mais ou se envolver com este aben\u00e7oado movimento ind\u00edgena brasileiro escreva para <a href=\"hterena@yahoo.com.br\">hterena@yahoo.com.br<\/a><\/p>\n","protected":false},"excerpt":{"rendered":"<p>O Conselho Nacional de Pastores e L\u00edderes Evang\u00e9licos Ind\u00edgenas (Conplei) tem sido um instrumento usado pelo Senhor para o despertamento dos povos ind\u00edgenas \u00e0 Palavra de Deus em um verdadeiro movimento mission\u00e1rio aut\u00f3ctone. O encontro no Alto Rio Negro no m\u00eas de julho, com cerca de 1.000 ind\u00edgenas, foi muit\u00edssimo proveitoso e um marco de [&hellip;]<\/p>\n","protected":false},"author":2,"featured_media":0,"comment_status":"open","ping_status":"open","sticky":false,"template":"","format":"standard","meta":{"ngg_post_thumbnail":0,"footnotes":""},"categories":[7],"tags":[],"class_list":["post-1702","post","type-post","status-publish","format-standard","hentry","category-noticias"],"_links":{"self":[{"href":"https:\/\/ultimato.com.br\/sites\/paralelo10\/wp-json\/wp\/v2\/posts\/1702","targetHints":{"allow":["GET"]}}],"collection":[{"href":"https:\/\/ultimato.com.br\/sites\/paralelo10\/wp-json\/wp\/v2\/posts"}],"about":[{"href":"https:\/\/ultimato.com.br\/sites\/paralelo10\/wp-json\/wp\/v2\/types\/post"}],"author":[{"embeddable":true,"href":"https:\/\/ultimato.com.br\/sites\/paralelo10\/wp-json\/wp\/v2\/users\/2"}],"replies":[{"embeddable":true,"href":"https:\/\/ultimato.com.br\/sites\/paralelo10\/wp-json\/wp\/v2\/comments?post=1702"}],"version-history":[{"count":3,"href":"https:\/\/ultimato.com.br\/sites\/paralelo10\/wp-json\/wp\/v2\/posts\/1702\/revisions"}],"predecessor-version":[{"id":1706,"href":"https:\/\/ultimato.com.br\/sites\/paralelo10\/wp-json\/wp\/v2\/posts\/1702\/revisions\/1706"}],"wp:attachment":[{"href":"https:\/\/ultimato.com.br\/sites\/paralelo10\/wp-json\/wp\/v2\/media?parent=1702"}],"wp:term":[{"taxonomy":"category","embeddable":true,"href":"https:\/\/ultimato.com.br\/sites\/paralelo10\/wp-json\/wp\/v2\/categories?post=1702"},{"taxonomy":"post_tag","embeddable":true,"href":"https:\/\/ultimato.com.br\/sites\/paralelo10\/wp-json\/wp\/v2\/tags?post=1702"}],"curies":[{"name":"wp","href":"https:\/\/api.w.org\/{rel}","templated":true}]}}