{"id":1691,"date":"2011-08-03T11:24:09","date_gmt":"2011-08-03T14:24:09","guid":{"rendered":"http:\/\/ultimato.com.br\/sites\/paralelo10\/?p=1691"},"modified":"2011-08-03T11:24:09","modified_gmt":"2011-08-03T14:24:09","slug":"em-debate-missao-integral-no-maranhao","status":"publish","type":"post","link":"https:\/\/ultimato.com.br\/sites\/paralelo10\/2011\/08\/em-debate-missao-integral-no-maranhao\/","title":{"rendered":"Em debate: miss\u00e3o integral no Maranh\u00e3o"},"content":{"rendered":"<p><strong>Caroline Rodrigues<\/strong>, ou melhor, a Carol, \u00e9 uma menina muito dedicada ao trabalho de representante do Paralelo 10 no Maranh\u00e3o. Ela faz contatos com l\u00edderes locais e distribui o material enviado pelo projeto, que organizam ent\u00e3o estudos b\u00edblicos tomando como base a revista Ultimato. Ela tamb\u00e9m \u00e9 envolvida com o PINAR \u2013 Projeto Igreja Nas Ruas, grupo interdenominacional que trabalha com desenvolvimento comunit\u00e1rio numa regi\u00e3o pobre de S\u00e3o Lu\u00eds, capital maranhense.<\/p>\n<p><a href=\"http:\/\/ultimato.com.br\/sites\/paralelo10\/files\/2011\/08\/03_08_p10_grupoMA.jpg\" class=\"lightview\" data-lightview-group=\"group-1691\" data-lightview-options=\"skin: 'dark', controls: 'relative', padding: '10', shadow: { color: '#000000', opacity: 0.08, blur: 3 }\" data-lightview-title=\"03_08_p10_grupoMA\"><img loading=\"lazy\" decoding=\"async\" class=\"aligncenter size-full wp-image-1692\" title=\"03_08_p10_grupoMA\" src=\"http:\/\/ultimato.com.br\/sites\/paralelo10\/files\/2011\/08\/03_08_p10_grupoMA.jpg\" alt=\"\" width=\"427\" height=\"330\" srcset=\"https:\/\/ultimato.com.br\/sites\/paralelo10\/files\/2011\/08\/03_08_p10_grupoMA.jpg 427w, https:\/\/ultimato.com.br\/sites\/paralelo10\/files\/2011\/08\/03_08_p10_grupoMA-300x231.jpg 300w, https:\/\/ultimato.com.br\/sites\/paralelo10\/files\/2011\/08\/03_08_p10_grupoMA-150x115.jpg 150w\" sizes=\"auto, (max-width: 427px) 100vw, 427px\" \/><\/a><\/p>\n<p>Em companhia de grupo de amigos da ABU (Alian\u00e7a B\u00edblica Universit\u00e1ria), Carol promoveu um debate em torno de algumas quest\u00f5es, como a vis\u00e3o da igreja a respeito da miss\u00e3o crist\u00e3 no mundo e enviou suas conclus\u00f5es para que compartilh\u00e1ssemo-las no blog.<\/p>\n<p>Veja a seguir algumas respostas interessantes<!--more-->:<\/p>\n<p>&nbsp;<\/p>\n<p><strong>Voc\u00ea acha que sua igreja ou comunidade entende o evangelho em seu aspecto integral, ou seja, a salva\u00e7\u00e3o pela gra\u00e7a e a import\u00e2ncia de boas obras?<\/strong><\/p>\n<p><em>Eduardo Santos Oliveira<\/em>: \u201cN\u00e3o&#8230; Entendemos que at\u00e9 podem entender a primeira parte referente a salva\u00e7\u00e3o pela gra\u00e7a, mas nem tanto o envolvimento com as quest\u00f5es seculares. A comunidade como um todo n\u00e3o possui essa vis\u00e3o de que o homem n\u00e3o \u00e9 s\u00f3 alma\u201d.<\/p>\n<p><em>Hilton Carlos da Silva<\/em>: \u201dAcho que eles dicotomizam por conta da matriz interpretativa do evangelho. E isso \u00e9 uma heran\u00e7a que vai demorar um pouco para ser quebrada. Eu n\u00e3o diria um \u201cn\u00e3o\u201d t\u00e3o diretamente, pois acho que algumas pessoas (poucas) j\u00e1 est\u00e3o ampliando a sua vis\u00e3o\u201d.<\/p>\n<p><em>Camila Pereira de Jesus<\/em>: \u201cQuando se importam com boas obras as utilizam como iscas para atrair as pessoas a fim de que elas se \u201cconvertam\u201d. Acho que entendem nuances da salva\u00e7\u00e3o pela gra\u00e7a e entendem minimamente a import\u00e2ncia de boas obras, mas n\u00e3o de forma profunda. Falta um saber teol\u00f3gico. Em minha igreja h\u00e1 uma pessoa ou um pequeno grupo que tenta influenciar os demais para fazer um brech\u00f3 e distribuir cestas b\u00e1sicas, ou fazer uma a\u00e7\u00e3o social, e aproveitam para distribuir um folhetinho pra n\u00e3o \u201cperder a oportunidade\u201d de evangelizar&#8230;\u201c.<\/p>\n<p>&nbsp;<\/p>\n<p><strong>Como podemos cooperar individualmente para o cumprimento do prop\u00f3sito de Deus, ou seja, reconcilia\u00e7\u00e3o de todas as coisas na hist\u00f3ria? E coletivamente?<\/strong><\/p>\n<p><em>Conclus\u00e3o do grupo<\/em>: Individualmente, precisamos viver um relacionamento com Deus que coopere com ele nos tr\u00eas prop\u00f3sitos atrav\u00e9s do viver crist\u00e3o, no pr\u00f3prio dia-a-dia, como um estilo de vida. Coletivamente, devemos nos juntar num mesmo prop\u00f3sito, que \u00e9 a unidade.<\/p>\n<p><em>Dalciney M\u00e1ximo Diniz<\/em>: \u201cPodemos promover espa\u00e7os de reflex\u00e3o que tragam \u00e0 consci\u00eancia o sentido da miss\u00e3o integral. Fazer algo sem entender o que se est\u00e1 fazendo se torna uma pr\u00e1tica oca\u201d.<\/p>\n<p><em>Valqu\u00edria da Silva Gomes<\/em>: \u201cConvidar para a pr\u00e1tica executando atividades para que as pessoas entendam o que \u00e9 a miss\u00e3o integral\u201d.<\/p>\n<p><em>Yankee Magalh\u00e3es Diniz<\/em>: \u201cPrimeiro precisamos come\u00e7ar a conscientiza\u00e7\u00e3o do que \u00e9 miss\u00e3o integral. N\u00e3o \u00e9 poss\u00edvel uma pr\u00e1tica sem uma compreens\u00e3o. N\u00e3o podemos fazer boas obras simplesmente por fazer (isso at\u00e9 os esp\u00edritas fazem)\u201d.<\/p>\n<p><em>Eduardo Santos Oliveira<\/em>: \u201cO primeiro passo de tudo \u00e9 orar&#8230; Precisamos orar pra que Deus sensibilize as pessoas\u201d.<\/p>\n<p>&nbsp;<\/p>\n<p>E voc\u00ea? Compartilhe tamb\u00e9m as not\u00edcias relacionadas ao trabalho na sua regi\u00e3o. Mande um e-mail para <a href=\"paralelo10@ultimato.com.br\" target=\"_blank\">paralelo10@ultimato.com.br<\/a>!<\/p>\n","protected":false},"excerpt":{"rendered":"<p>Caroline Rodrigues, ou melhor, a Carol, \u00e9 uma menina muito dedicada ao trabalho de representante do Paralelo 10 no Maranh\u00e3o. Ela faz contatos com l\u00edderes locais e distribui o material enviado pelo projeto, que organizam ent\u00e3o estudos b\u00edblicos tomando como base a revista Ultimato. Ela tamb\u00e9m \u00e9 envolvida com o PINAR \u2013 Projeto Igreja Nas [&hellip;]<\/p>\n","protected":false},"author":2,"featured_media":0,"comment_status":"open","ping_status":"open","sticky":false,"template":"","format":"standard","meta":{"ngg_post_thumbnail":0,"footnotes":""},"categories":[7],"tags":[],"class_list":["post-1691","post","type-post","status-publish","format-standard","hentry","category-noticias"],"_links":{"self":[{"href":"https:\/\/ultimato.com.br\/sites\/paralelo10\/wp-json\/wp\/v2\/posts\/1691","targetHints":{"allow":["GET"]}}],"collection":[{"href":"https:\/\/ultimato.com.br\/sites\/paralelo10\/wp-json\/wp\/v2\/posts"}],"about":[{"href":"https:\/\/ultimato.com.br\/sites\/paralelo10\/wp-json\/wp\/v2\/types\/post"}],"author":[{"embeddable":true,"href":"https:\/\/ultimato.com.br\/sites\/paralelo10\/wp-json\/wp\/v2\/users\/2"}],"replies":[{"embeddable":true,"href":"https:\/\/ultimato.com.br\/sites\/paralelo10\/wp-json\/wp\/v2\/comments?post=1691"}],"version-history":[{"count":1,"href":"https:\/\/ultimato.com.br\/sites\/paralelo10\/wp-json\/wp\/v2\/posts\/1691\/revisions"}],"predecessor-version":[{"id":1693,"href":"https:\/\/ultimato.com.br\/sites\/paralelo10\/wp-json\/wp\/v2\/posts\/1691\/revisions\/1693"}],"wp:attachment":[{"href":"https:\/\/ultimato.com.br\/sites\/paralelo10\/wp-json\/wp\/v2\/media?parent=1691"}],"wp:term":[{"taxonomy":"category","embeddable":true,"href":"https:\/\/ultimato.com.br\/sites\/paralelo10\/wp-json\/wp\/v2\/categories?post=1691"},{"taxonomy":"post_tag","embeddable":true,"href":"https:\/\/ultimato.com.br\/sites\/paralelo10\/wp-json\/wp\/v2\/tags?post=1691"}],"curies":[{"name":"wp","href":"https:\/\/api.w.org\/{rel}","templated":true}]}}