{"id":1686,"date":"2011-08-02T15:05:45","date_gmt":"2011-08-02T18:05:45","guid":{"rendered":"http:\/\/ultimato.com.br\/sites\/paralelo10\/?p=1686"},"modified":"2011-08-02T16:49:43","modified_gmt":"2011-08-02T19:49:43","slug":"campanha-contra-preconceito-e-lancada-em-pernambuco-2","status":"publish","type":"post","link":"https:\/\/ultimato.com.br\/sites\/paralelo10\/2011\/08\/campanha-contra-preconceito-e-lancada-em-pernambuco-2\/","title":{"rendered":"Campanha contra preconceito \u00e9 lan\u00e7ada em Pernambuco"},"content":{"rendered":"<p><a href=\"http:\/\/ultimato.com.br\/sites\/paralelo10\/files\/2011\/08\/02_08_910_aids_e_preconceito1.jpg\" class=\"lightview\" data-lightview-group=\"group-1686\" data-lightview-options=\"skin: 'dark', controls: 'relative', padding: '10', shadow: { color: '#000000', opacity: 0.08, blur: 3 }\" data-lightview-title=\"02_08_910_aids_e_preconceito\"><img loading=\"lazy\" decoding=\"async\" class=\"alignright size-full wp-image-1687\" title=\"02_08_910_aids_e_preconceito\" src=\"http:\/\/ultimato.com.br\/sites\/paralelo10\/files\/2011\/08\/02_08_910_aids_e_preconceito1.jpg\" alt=\"\" width=\"195\" height=\"194\" srcset=\"https:\/\/ultimato.com.br\/sites\/paralelo10\/files\/2011\/08\/02_08_910_aids_e_preconceito1.jpg 195w, https:\/\/ultimato.com.br\/sites\/paralelo10\/files\/2011\/08\/02_08_910_aids_e_preconceito1-150x150.jpg 150w, https:\/\/ultimato.com.br\/sites\/paralelo10\/files\/2011\/08\/02_08_910_aids_e_preconceito1-80x80.jpg 80w\" sizes=\"auto, (max-width: 195px) 100vw, 195px\" \/><\/a>(<a href=\"http:\/\/diaconia.org.br\/index.php?option=com_content&amp;task=view&amp;id=1552&amp;Itemid=203\" target=\"_blank\">Diaconia<\/a>) ONG Grupo de Trabalhos em Preven\u00e7\u00e3o Posithivo (GTP+), lan\u00e7ou a campanha: &#8220;Como voc\u00ea gostaria de ser tratado se tivesse HIV? Trate as pessoas do jeito que voc\u00ea gostaria de ser tratado.\u201d A proposta \u00e9 sensibilizar toda a sociedade contra a reprodu\u00e7\u00e3o de estigmas e preconceitos \u00e0s pessoas vivendo com HIV\/aids. A iniciativa conta com a parceria da The International Exchange (TIE) e da Ag\u00eancia Experimental da AESO (Inata). A campanha pretende conscientizar a popula\u00e7\u00e3o da cidade do Recife, Regi\u00e3o Metropolitana e interior do Estado para um melhor acolhimento \u00e0s pessoas vivendo com HIV e AIDS. As pe\u00e7as da campanha v\u00e3o circular atrav\u00e9s de outbus, espelhos de bolso, adesivos para espelhos, panfletos, cartazes e nas redes sociais da institui\u00e7\u00e3o. O uso dos espelhos tem o objetivo de sensibilizar para que cada um se veja no lugar das pessoas que vivem com HIV\/AIDS e sobre como gostariam de ser tratados.<\/p>\n<p><strong>Aids no Brasil<\/strong> \u2013 Os n\u00fameros da aids no Brasil, atualizados at\u00e9 junho de 2010, contabilizam 592.914 casos registrados desde 1980. A taxa de incid\u00eancia oscila em torno de 20 casos de AIDs por 100 mil habitantes. Em 2010, foram notificados 13.520 casos da doen\u00e7a.<\/p>\n<p><strong>Outras informa\u00e7\u00f5es\u00a0\u2013 <\/strong>Grupo de Trabalhos em Preven\u00e7\u00e3o Posithivo (GTP+)\u00a0\u2013\u00a0<a href=\"www.gtp.org.br\" target=\"_blank\">www.gtp.org.br<\/a><\/p>\n","protected":false},"excerpt":{"rendered":"<p>(Diaconia) ONG Grupo de Trabalhos em Preven\u00e7\u00e3o Posithivo (GTP+), lan\u00e7ou a campanha: &#8220;Como voc\u00ea gostaria de ser tratado se tivesse HIV? Trate as pessoas do jeito que voc\u00ea gostaria de ser tratado.\u201d A proposta \u00e9 sensibilizar toda a sociedade contra a reprodu\u00e7\u00e3o de estigmas e preconceitos \u00e0s pessoas vivendo com HIV\/aids. A iniciativa conta com [&hellip;]<\/p>\n","protected":false},"author":2,"featured_media":0,"comment_status":"open","ping_status":"open","sticky":false,"template":"","format":"standard","meta":{"ngg_post_thumbnail":0,"footnotes":""},"categories":[7],"tags":[],"class_list":["post-1686","post","type-post","status-publish","format-standard","hentry","category-noticias"],"_links":{"self":[{"href":"https:\/\/ultimato.com.br\/sites\/paralelo10\/wp-json\/wp\/v2\/posts\/1686","targetHints":{"allow":["GET"]}}],"collection":[{"href":"https:\/\/ultimato.com.br\/sites\/paralelo10\/wp-json\/wp\/v2\/posts"}],"about":[{"href":"https:\/\/ultimato.com.br\/sites\/paralelo10\/wp-json\/wp\/v2\/types\/post"}],"author":[{"embeddable":true,"href":"https:\/\/ultimato.com.br\/sites\/paralelo10\/wp-json\/wp\/v2\/users\/2"}],"replies":[{"embeddable":true,"href":"https:\/\/ultimato.com.br\/sites\/paralelo10\/wp-json\/wp\/v2\/comments?post=1686"}],"version-history":[{"count":3,"href":"https:\/\/ultimato.com.br\/sites\/paralelo10\/wp-json\/wp\/v2\/posts\/1686\/revisions"}],"predecessor-version":[{"id":1689,"href":"https:\/\/ultimato.com.br\/sites\/paralelo10\/wp-json\/wp\/v2\/posts\/1686\/revisions\/1689"}],"wp:attachment":[{"href":"https:\/\/ultimato.com.br\/sites\/paralelo10\/wp-json\/wp\/v2\/media?parent=1686"}],"wp:term":[{"taxonomy":"category","embeddable":true,"href":"https:\/\/ultimato.com.br\/sites\/paralelo10\/wp-json\/wp\/v2\/categories?post=1686"},{"taxonomy":"post_tag","embeddable":true,"href":"https:\/\/ultimato.com.br\/sites\/paralelo10\/wp-json\/wp\/v2\/tags?post=1686"}],"curies":[{"name":"wp","href":"https:\/\/api.w.org\/{rel}","templated":true}]}}