{"id":1675,"date":"2011-08-01T17:16:49","date_gmt":"2011-08-01T20:16:49","guid":{"rendered":"http:\/\/ultimato.com.br\/sites\/paralelo10\/?p=1675"},"modified":"2011-08-01T17:16:59","modified_gmt":"2011-08-01T20:16:59","slug":"a-boa-criacao-de-deus-nas-cosmovisoes-indigenas","status":"publish","type":"post","link":"https:\/\/ultimato.com.br\/sites\/paralelo10\/2011\/08\/a-boa-criacao-de-deus-nas-cosmovisoes-indigenas\/","title":{"rendered":"A boa Cria\u00e7\u00e3o de Deus nas cosmovis\u00f5es ind\u00edgenas"},"content":{"rendered":"<p><a href=\"http:\/\/ultimato.com.br\/sites\/paralelo10\/files\/2011\/08\/01_08_p10_ALCnews.jpg\" class=\"lightview\" data-lightview-group=\"group-1675\" data-lightview-options=\"skin: 'dark', controls: 'relative', padding: '10', shadow: { color: '#000000', opacity: 0.08, blur: 3 }\" data-lightview-title=\"01_08_p10_ALCnews\"><img loading=\"lazy\" decoding=\"async\" class=\"alignleft size-full wp-image-1676\" title=\"01_08_p10_ALCnews\" src=\"http:\/\/ultimato.com.br\/sites\/paralelo10\/files\/2011\/08\/01_08_p10_ALCnews.jpg\" alt=\"\" width=\"358\" height=\"202\" srcset=\"https:\/\/ultimato.com.br\/sites\/paralelo10\/files\/2011\/08\/01_08_p10_ALCnews.jpg 448w, https:\/\/ultimato.com.br\/sites\/paralelo10\/files\/2011\/08\/01_08_p10_ALCnews-300x168.jpg 300w, https:\/\/ultimato.com.br\/sites\/paralelo10\/files\/2011\/08\/01_08_p10_ALCnews-150x84.jpg 150w\" sizes=\"auto, (max-width: 358px) 100vw, 358px\" \/><\/a>\u201cNada vem de gra\u00e7a para os povos ind\u00edgenas\u201d, aponta Hans Alfred Trein, pastor e respons\u00e1vel pelo programa de mobiliza\u00e7\u00e3o de recursos do <a href=\"http:\/\/www.comin.org.br\/\" target=\"_blank\">Conselho Indigenista Mission\u00e1rio (Comin)<\/a> em entrevista concedida \u00e0 <a href=\"http:\/\/www.alcnoticias.net\/\" target=\"_blank\">Ag\u00eancia Latino-americana e Caribenha de Comunica\u00e7\u00e3o (ALC)<\/a>.<\/p>\n<p>Trein mostra-se otimista em rela\u00e7\u00e3o \u00e0s conquistas dos povos ind\u00edgenas desde 1988, mas admite que ainda falta deliberar um Novo Estatuto dos Povos Ind\u00edgenas, proposta estagnada no Congresso Nacional h\u00e1 quase 20 anos. Sua preocupa\u00e7\u00e3o \u00e9 tamb\u00e9m transformar as promessas feitas a esse setor da popula\u00e7\u00e3o brasileira em a\u00e7\u00f5es.<\/p>\n<p>Leia a <a href=\"http:\/\/www.alcnoticias.net\/interior.php?codigo=19975&amp;format=entrevista&amp;lang=689\" target=\"_blank\">entrevista<\/a> e entenda um pouco mais sobre o papel do Comin e da luta ind\u00edgena em nosso pa\u00eds.<\/p>\n<p>&nbsp;<\/p>\n","protected":false},"excerpt":{"rendered":"<p>\u201cNada vem de gra\u00e7a para os povos ind\u00edgenas\u201d, aponta Hans Alfred Trein, pastor e respons\u00e1vel pelo programa de mobiliza\u00e7\u00e3o de recursos do Conselho Indigenista Mission\u00e1rio (Comin) em entrevista concedida \u00e0 Ag\u00eancia Latino-americana e Caribenha de Comunica\u00e7\u00e3o (ALC). Trein mostra-se otimista em rela\u00e7\u00e3o \u00e0s conquistas dos povos ind\u00edgenas desde 1988, mas admite que ainda falta deliberar [&hellip;]<\/p>\n","protected":false},"author":2,"featured_media":0,"comment_status":"open","ping_status":"open","sticky":false,"template":"","format":"standard","meta":{"ngg_post_thumbnail":0,"footnotes":""},"categories":[8],"tags":[],"class_list":["post-1675","post","type-post","status-publish","format-standard","hentry","category-toro-de-palpites"],"_links":{"self":[{"href":"https:\/\/ultimato.com.br\/sites\/paralelo10\/wp-json\/wp\/v2\/posts\/1675","targetHints":{"allow":["GET"]}}],"collection":[{"href":"https:\/\/ultimato.com.br\/sites\/paralelo10\/wp-json\/wp\/v2\/posts"}],"about":[{"href":"https:\/\/ultimato.com.br\/sites\/paralelo10\/wp-json\/wp\/v2\/types\/post"}],"author":[{"embeddable":true,"href":"https:\/\/ultimato.com.br\/sites\/paralelo10\/wp-json\/wp\/v2\/users\/2"}],"replies":[{"embeddable":true,"href":"https:\/\/ultimato.com.br\/sites\/paralelo10\/wp-json\/wp\/v2\/comments?post=1675"}],"version-history":[{"count":2,"href":"https:\/\/ultimato.com.br\/sites\/paralelo10\/wp-json\/wp\/v2\/posts\/1675\/revisions"}],"predecessor-version":[{"id":1678,"href":"https:\/\/ultimato.com.br\/sites\/paralelo10\/wp-json\/wp\/v2\/posts\/1675\/revisions\/1678"}],"wp:attachment":[{"href":"https:\/\/ultimato.com.br\/sites\/paralelo10\/wp-json\/wp\/v2\/media?parent=1675"}],"wp:term":[{"taxonomy":"category","embeddable":true,"href":"https:\/\/ultimato.com.br\/sites\/paralelo10\/wp-json\/wp\/v2\/categories?post=1675"},{"taxonomy":"post_tag","embeddable":true,"href":"https:\/\/ultimato.com.br\/sites\/paralelo10\/wp-json\/wp\/v2\/tags?post=1675"}],"curies":[{"name":"wp","href":"https:\/\/api.w.org\/{rel}","templated":true}]}}