{"id":1666,"date":"2011-07-21T14:18:59","date_gmt":"2011-07-21T17:18:59","guid":{"rendered":"http:\/\/ultimato.com.br\/sites\/paralelo10\/?p=1666"},"modified":"2011-07-21T14:20:03","modified_gmt":"2011-07-21T17:20:03","slug":"do-norte-em-centro-do-brasil","status":"publish","type":"post","link":"https:\/\/ultimato.com.br\/sites\/paralelo10\/2011\/07\/do-norte-em-centro-do-brasil\/","title":{"rendered":"Do norte ao centro do Brasil"},"content":{"rendered":"<p><a href=\"http:\/\/ultimato.com.br\/sites\/paralelo10\/files\/2011\/07\/21_07_paralelo10_viagem.jpg\" class=\"lightview\" data-lightview-group=\"group-1666\" data-lightview-options=\"skin: 'dark', controls: 'relative', padding: '10', shadow: { color: '#000000', opacity: 0.08, blur: 3 }\" data-lightview-title=\"21_07_paralelo10_viagem\"><img loading=\"lazy\" decoding=\"async\" class=\"alignright size-full wp-image-1667\" title=\"21_07_paralelo10_viagem\" src=\"http:\/\/ultimato.com.br\/sites\/paralelo10\/files\/2011\/07\/21_07_paralelo10_viagem.jpg\" alt=\"\" width=\"307\" height=\"230\" srcset=\"https:\/\/ultimato.com.br\/sites\/paralelo10\/files\/2011\/07\/21_07_paralelo10_viagem.jpg 307w, https:\/\/ultimato.com.br\/sites\/paralelo10\/files\/2011\/07\/21_07_paralelo10_viagem-300x224.jpg 300w, https:\/\/ultimato.com.br\/sites\/paralelo10\/files\/2011\/07\/21_07_paralelo10_viagem-150x112.jpg 150w\" sizes=\"auto, (max-width: 307px) 100vw, 307px\" \/><\/a>Depois de v\u00e1rios meses de planejamento, de horas em liga\u00e7\u00f5es telef\u00f4nicas e de muitos bytes nos e-mails trocados finalmente o Senhor Deus levou a bom termo o Congresso da Miss\u00e3o Evang\u00e9lica aos \u00cdndios do Brasil (MEIB) em Bras\u00edlia (DF). N\u00e3o seria nenhum jarg\u00e3o afirmar que sem Ele no comando dos nossos planos as coisas n\u00e3o teriam dado t\u00e3o certo.<\/p>\n<p>Esse evento teve muitos diferenciais. A viagem, o \u00f4nibus, o local onde aconteceu, o clima frio e o cansa\u00e7o resultante de muito trabalho. Como secret\u00e1rio executivo da miss\u00e3o, o pr. Messias Dias queria que fiz\u00e9ssemos este encontro em um local diferente do, j\u00e1 muito frequentado, eixo Par\u00e1-Maranh\u00e3o (estados onde a miss\u00e3o atua). Dessa vez pensamos um pouco mais alto e resolvemos partir para o centro do pa\u00eds: Bras\u00edlia seria nosso destino.<!--more--><\/p>\n<p>&nbsp;<\/p>\n<p><strong>A viagem<\/strong><\/p>\n<p><strong> <\/strong>A viagem foi longa (mais de 2 mil quil\u00f4metros), mas muito interessante. Partimos de Bel\u00e9m (PA) no dia 25 de junho em um \u00f4nibus doble deck, com 53 lugares para nosso trajeto. Como temos mission\u00e1rios espalhados entre o sul do Par\u00e1 e o Maranh\u00e3o, ent\u00e3o combinamos: o motorista vai parando em algumas cidades principais para embarcar os irm\u00e3os que vieram de suas localidades. Parte do grupo come\u00e7ou a viagem em Bel\u00e9m (os jovens do Minist\u00e9rio TIM, a orquestra e alguns mission\u00e1rios que j\u00e1 estavam na cidade). Ap\u00f3s dez horas de viagem, paramos em Porto Franco para o embarque da turma do Maranh\u00e3o. Eles vinham dos munic\u00edpios de Barra do Corda e Arame para nos encontrar ali.<\/p>\n<p>Depois de algum tempo na estrada finalmente paramos na cidade de Guara\u00ed (TO) para receber a turma do sul do Par\u00e1 que j\u00e1 nos aguardava no ponto de encontro. Al\u00e9m de servir como meio de transporte at\u00e9 Bras\u00edlia, nosso \u00f4nibus foi um \u00f3timo espa\u00e7o para estreitar os la\u00e7os entre os mission\u00e1rios. Normalmente apenas nos congressos, eles t\u00eam tempo juntos para conversar. Assim, uma viagem, mesmo que longa at\u00e9 nosso destino, proporcionou uma boa conviv\u00eancia.<\/p>\n<p>&nbsp;<\/p>\n<p><strong>O congresso<\/strong><\/p>\n<p><strong> <\/strong>Os dias de 28 a 30 de junho no Congresso da MEIB foram muito especiais. Ficamos hospedados na ch\u00e1cara da AMIDE (Associa\u00e7\u00e3o Mission\u00e1ria para Difus\u00e3o do Evangelho) e tivemos a oportunidade de ouvir muitas pessoas diferentes. Todas as manh\u00e3s as devocionais eram ministradas pelo mission\u00e1rio su\u00ed\u00e7o Werner Heidger que trabalhou como secret\u00e1rio executivo por muitos anos na MEIB, e hoje mora em sua terra natal. \u00c9 muito querido por todos os mission\u00e1rios. Depois das devocionais (ainda pela manh\u00e3) tivemos algumas palestras ao longo dos tr\u00eas dias de evento. No primeiro dia, eu falei sobre o novo site da MEIB e sobre como cada mission\u00e1rio pode ter seu blog pessoal neste site para auxiliar na divulga\u00e7\u00e3o do seu minist\u00e9rio. No segundo dia, Enoque Faria falou sobre a espiritualidade e a vida mission\u00e1ria; em seguida todos os mission\u00e1rios se dividiram e tiveram um tempo de compartilhamento: os homens com Enoque e as mulheres com a Eliana.<\/p>\n<p>No \u00faltimo dia, ouvimos o Liss\u00e2nder Dias falar sobre Miss\u00e3o Integral. Essa palestra foi muito especial por ter auxiliado os mission\u00e1rios: alguns para confirmar o que j\u00e1 faziam em seu minist\u00e9rio, outros para abrir os olhos para essa nova realidade. Todas as noites eram reservadas para um breve estudo b\u00edblico ministrado por alguns mission\u00e1rios. Deixamos a maior parte do tempo para os testemunhos. Tivemos o prazer de ouvir as lutas, os desafios e as alegrias de cada mission\u00e1rio que compartilhou conosco seus sentimentos sobre o minist\u00e9rio.<\/p>\n<p>Separamos o dia 1\u00ba de julho para conhecer a capital do nosso pa\u00eds. Sa\u00edmos pela manh\u00e3 e fomos visitar o Congresso Nacional, caminhamos pela Esplanada dos Minist\u00e9rios e fizemos tour pelas principais c\u00e2maras e tamb\u00e9m pela Catedral. Almo\u00e7amos no Shopping do Conjunto Nacional e \u00e0 tarde fomos visitar o Memorial dos Povos Ind\u00edgenas e o Monumento de JK. Estando todos de volta \u00e0 noite, tivemos um momento especial e descontra\u00eddo, com brincadeiras envolvendo os mission\u00e1rios e seus filhos.<\/p>\n<p>&nbsp;<\/p>\n<p><strong>Visita a igrejas<\/strong><\/p>\n<p><strong> <\/strong>No final de semana (dias 2 e 3 de julho) nos locomovemos da Ch\u00e1cara da AMIDE para v\u00e1rias igrejas nas cidades sat\u00e9lites de Bras\u00edlia para realizar a Confer\u00eancia Mission\u00e1ria. Nosso objetivo era mostrar a realidade de novos desafios mission\u00e1rios nos campos onde a MEIB atua. No s\u00e1bado \u00e0 tarde fomos para a Igreja Presbiteriana Lago Norte onde alguns dos mission\u00e1rios deram palestras para os presentes, todas abordando temas sobre igreja e miss\u00f5es. A programa\u00e7\u00e3o do culto mission\u00e1rio \u00e0 noite incluiu m\u00fasicas com a orquestra de c\u00e2mara e com o Minist\u00e9rio TIM, testemunhos de l\u00edderes crist\u00e3os ind\u00edgenas e de mission\u00e1rios do campo kayap\u00f3, leitura b\u00edblica em l\u00edngua ind\u00edgena e em portugu\u00eas e a reflex\u00e3o b\u00edblica era ministrada por Enoque Faria que falou sobre o tema da Confer\u00eancia: \u201cJuntos na Seara do Mestre\u201d. Fizemos esta mesma programa\u00e7\u00e3o no domingo pela manh\u00e3 na Igreja Crist\u00e3 Evang\u00e9lica de Ceil\u00e2ndia enfocando os campos Canela e Temb\u00e9 e no domingo \u00e0 noite na Igreja Crist\u00e3 Evang\u00e9lica do Gama falando sobre o campo Guajajara. No final do culto de domingo \u00e0 noite tomamos nosso rumo de volta a Bel\u00e9m parando nas devidas cidades para o desembarque dos mission\u00e1rios do Par\u00e1 e do Maranh\u00e3o.<\/p>\n<p>N\u00e3o posso encerrar este texto sem mencionar o inestim\u00e1vel apoio que tivemos da Pollyana Cardoso que foi nosso contato em Bras\u00edlia para organizar todos os detalhes para que o congresso e a confer\u00eancia pudessem acontecer. Al\u00e9m da Pollyana, contamos com o suporte do Minist\u00e9rio TIM. Este \u00e9 um grupo de jovens vocacionados com os quais trabalhamos para estreitar o relacionamento entre a MEIB e as igrejas de Bel\u00e9m. O Minist\u00e9rio TIM nos apoiou em todas as \u00e1reas essenciais durante a semana que tivemos em Bras\u00edlia. Na AMIDE eles cuidaram dos filhos dos mission\u00e1rios e fizeram a limpeza do local. Nas igrejas eles realizaram um culto mission\u00e1rio para as crian\u00e7as, organizavam os estandes, arrumavam e desarrumavam o cen\u00e1rio que levamos para as igrejas.<\/p>\n<p>Estamos muito gratos a Deus pela b\u00ean\u00e7\u00e3o que foi realizar este evento em Bras\u00edlia. Ele supriu todas as nossas necessidades e ainda nos possibilitou um tempo de comunh\u00e3o em um local diferente para a maioria dos presentes.<\/p>\n<p>___________<\/p>\n<p><strong><a href=\"http:\/\/twitter.com\/#%21\/HeberNegrao\" target=\"_blank\">H\u00e9ber Negr\u00e3o<\/a><\/strong> tem 29 anos e casou recentemente com Sophia. Ambos s\u00e3o mission\u00e1rios e trabalham com a Miss\u00e3o Evang\u00e9lica aos \u00cdndios do Brasil (MEIB) em Ananindeua (PA).<\/p>\n","protected":false},"excerpt":{"rendered":"<p>Depois de v\u00e1rios meses de planejamento, de horas em liga\u00e7\u00f5es telef\u00f4nicas e de muitos bytes nos e-mails trocados finalmente o Senhor Deus levou a bom termo o Congresso da Miss\u00e3o Evang\u00e9lica aos \u00cdndios do Brasil (MEIB) em Bras\u00edlia (DF). N\u00e3o seria nenhum jarg\u00e3o afirmar que sem Ele no comando dos nossos planos as coisas n\u00e3o [&hellip;]<\/p>\n","protected":false},"author":2,"featured_media":0,"comment_status":"open","ping_status":"open","sticky":false,"template":"","format":"standard","meta":{"ngg_post_thumbnail":0,"footnotes":""},"categories":[95],"tags":[],"class_list":["post-1666","post","type-post","status-publish","format-standard","hentry","category-testemunhos"],"_links":{"self":[{"href":"https:\/\/ultimato.com.br\/sites\/paralelo10\/wp-json\/wp\/v2\/posts\/1666","targetHints":{"allow":["GET"]}}],"collection":[{"href":"https:\/\/ultimato.com.br\/sites\/paralelo10\/wp-json\/wp\/v2\/posts"}],"about":[{"href":"https:\/\/ultimato.com.br\/sites\/paralelo10\/wp-json\/wp\/v2\/types\/post"}],"author":[{"embeddable":true,"href":"https:\/\/ultimato.com.br\/sites\/paralelo10\/wp-json\/wp\/v2\/users\/2"}],"replies":[{"embeddable":true,"href":"https:\/\/ultimato.com.br\/sites\/paralelo10\/wp-json\/wp\/v2\/comments?post=1666"}],"version-history":[{"count":3,"href":"https:\/\/ultimato.com.br\/sites\/paralelo10\/wp-json\/wp\/v2\/posts\/1666\/revisions"}],"predecessor-version":[{"id":1670,"href":"https:\/\/ultimato.com.br\/sites\/paralelo10\/wp-json\/wp\/v2\/posts\/1666\/revisions\/1670"}],"wp:attachment":[{"href":"https:\/\/ultimato.com.br\/sites\/paralelo10\/wp-json\/wp\/v2\/media?parent=1666"}],"wp:term":[{"taxonomy":"category","embeddable":true,"href":"https:\/\/ultimato.com.br\/sites\/paralelo10\/wp-json\/wp\/v2\/categories?post=1666"},{"taxonomy":"post_tag","embeddable":true,"href":"https:\/\/ultimato.com.br\/sites\/paralelo10\/wp-json\/wp\/v2\/tags?post=1666"}],"curies":[{"name":"wp","href":"https:\/\/api.w.org\/{rel}","templated":true}]}}