{"id":1664,"date":"2011-07-22T11:33:40","date_gmt":"2011-07-22T14:33:40","guid":{"rendered":"http:\/\/ultimato.com.br\/sites\/paralelo10\/?p=1664"},"modified":"2011-07-25T15:37:11","modified_gmt":"2011-07-25T18:37:11","slug":"forca-especial-contra-pirataria-nos-rios","status":"publish","type":"post","link":"https:\/\/ultimato.com.br\/sites\/paralelo10\/2011\/07\/forca-especial-contra-pirataria-nos-rios\/","title":{"rendered":"For\u00e7a especial contra pirataria nos rios"},"content":{"rendered":"<p><strong>Par\u00e1 quer criar for\u00e7a especial para combater pirataria nos rios<\/strong><\/p>\n<p>(<a href=\"http:\/\/www.bbc.co.uk\/portuguese\/noticias\/2011\/07\/110719_pirataria_para_jf.shtml\">BBC<\/a>)\u00a0O ataque, ocorrido no m\u00eas passado, n\u00e3o teve como cen\u00e1rio o oceano \u00cdndico ou o Golfo de Aden, \u00e1reas de atua\u00e7\u00e3o de piratas somalis, mas sim o norte do Par\u00e1. Suas v\u00edtimas, que perderam cerca de R$ 15 mil em dinheiro, al\u00e9m de joias e celulares, viajavam entre Soure, maior cidade na Ilha de Maraj\u00f3, e Bel\u00e9m, a capital do Estado.<\/p>\n<p>Para impedir ataques como esse \u2013 s\u00f3 no primeiro semestre deste ano, foram registrados 18 casos semelhantes nos arredores da Ilha de Maraj\u00f3 \u2013, a pol\u00edcia do Par\u00e1 pretende criar uma unidade antipirataria, que agregar\u00e1 policiais civis e militares, al\u00e9m de membros do Corpo de Bombeiros.<\/p>\n<p>Em entrevista \u00e0 BBC Brasil, o secret\u00e1rio de Seguran\u00e7a do Estado, Luiz Fernandes Rocha, afirma que o grupo reunir\u00e1 entre 70 e 80 homens e ter\u00e1 como fun\u00e7\u00e3o \u201cagregar for\u00e7as de todas as institui\u00e7\u00f5es policiais para combater a pirataria de forma mais r\u00e1pida, tornando as a\u00e7\u00f5es mais coordenadas e direcionadas\u201d.<\/p>\n<p>Segundo Rocha, um projeto de lei prevendo a cria\u00e7\u00e3o da unidade, por ora batizada de Grupamento Fluvial, ser\u00e1 encaminhado \u00e0 Assembleia Legislativa assim que terminar o recesso de julho. Ele diz esperar que em at\u00e9 tr\u00eas meses o grupo, que desempenhar\u00e1 as fun\u00e7\u00f5es de policiamento ostensivo, investiga\u00e7\u00e3o e atendimento a v\u00edtimas, possa tornar-se efetivo.<\/p>\n<p>\u201cMais do que baixar as ocorr\u00eancias, nossa inten\u00e7\u00e3o \u00e9 dar tranquilidade aos moradores, mostrar que pol\u00edcia vai estar pr\u00f3xima deles\u201d, afirma.<!--more--><\/p>\n<p>&nbsp;<\/p>\n<p><strong>Barcos r\u00e1pidos<\/strong><\/p>\n<p>Al\u00e9m da realoca\u00e7\u00e3o de policiais e bombeiros, o secret\u00e1rio conta que a cria\u00e7\u00e3o da unidade exigir\u00e1 a compra de embarca\u00e7\u00f5es r\u00e1pidas, para fazer frente \u00e0 agilidade dos \u201cratos d\u2019\u00e1gua\u201d, como define os criminosos.<\/p>\n<p>Rocha diz n\u00e3o saber, contudo, quantos ve\u00edculos novos ser\u00e3o necess\u00e1rios, j\u00e1 que a secretaria dever\u00e1 primeiro finalizar um levantamento sobre quantos barcos atualmente fora de uso por problemas t\u00e9cnicos poder\u00e3o ser repassados \u00e0 unidade.<\/p>\n<p>Mais \u00e0 frente, o secret\u00e1rio afirma que o grupo antipirataria poder\u00e1 contar tamb\u00e9m com helic\u00f3pteros \u2013 segundo ele, uma aeronave j\u00e1 est\u00e1 dispon\u00edvel, e h\u00e1 previs\u00e3o de comprar outras tr\u00eas.<\/p>\n<p>Rocha atribui a pirataria \u00e0 dissemina\u00e7\u00e3o das drogas no Estado. \u201cNotamos que muitos munic\u00edpios pequenos e distritos onde antes n\u00e3o havia casos relacionados ao consumo de drogas hoje j\u00e1 enfrentam problemas. E muitos usu\u00e1rios recorrem ao crime para sustentar o v\u00edcio.\u201d<\/p>\n<p>Ele nega, por\u00e9m, que os ataques tenham se tornado mais frequentes, dizendo ter havido redu\u00e7\u00e3o de 15% dos casos no primeiro semestre deste ano em rela\u00e7\u00e3o ao mesmo per\u00edodo de 2010.<\/p>\n<p>Ainda assim, a pr\u00f3pria secretaria admite que muitos casos podem n\u00e3o ser registrados, j\u00e1 que h\u00e1 comunidades ribeirinhas isoladas, longe de delegacias.<\/p>\n<p>&nbsp;<\/p>\n<p><strong>Fase de testes<\/strong><\/p>\n<p>O delegado Jo\u00e3o Bosco Rodrigues, diretor de Pol\u00edcia Especializada e encarregado pelas a\u00e7\u00f5es da Pol\u00edcia Civil nos rios paraenses, diz \u00e0 BBC Brasil que o novo grupamento antipirataria funcionou em car\u00e1ter experimental h\u00e1 um m\u00eas, quando ocorreu a Opera\u00e7\u00e3o Carnapij\u00f3.<\/p>\n<p>Segundo Rodrigues, a opera\u00e7\u00e3o agregou membros das pol\u00edcias estaduais e da Marinha e identificou quadrilhas que atuam nas ilhas pr\u00f3ximas a Bel\u00e9m.<\/p>\n<p>Ele conta que h\u00e1, entre os criminosos, grupos organizados, que det\u00eam armamentos pesados e s\u00e3o provenientes de v\u00e1rias regi\u00f5es do Estado, mas as quadrilhas em geral s\u00e3o compostas por ribeirinhos, que usam rev\u00f3lveres e conhecem muito bem as regi\u00f5es onde atuam.\u00a0\u201cEstamos na maior bacia hidrogr\u00e1fica do mundo. Nossa geografia favorece esse tipo de a\u00e7\u00e3o criminosa.\u201d<\/p>\n<p>&nbsp;<\/p>\n<p><strong>Prote\u00e7\u00e3o armada<\/strong><\/p>\n<p>Enquanto o grupo n\u00e3o \u00e9 criado, moradores se mobilizam contra os piratas. Um habitante de Abaetetuba, uma das cidades mais afetadas por ataques, conta \u00e0 BBC Brasil que ribeirinhos est\u00e3o comprando armas para se proteger.<\/p>\n<p>Segundo ele, que n\u00e3o quis ser identificado, quatro piratas foram surpreendidos no fim de 2010 ao tentar furtar o motor de um barco aportado. No embate, dois criminosos teriam sido mortos.<\/p>\n<p>O morador conta que a mobiliza\u00e7\u00e3o dos barqueiros ocorreu porque se tornaram frequentes, nos \u00faltimos anos, casos de pirataria na regi\u00e3o. Os criminosos, diz ele, costumam visar embarca\u00e7\u00f5es pequenas, roubando seus motores e deixando os barqueiros \u00e0 deriva. Por isso, afirma que muitos se recusam a viajar \u00e0 noite, quando o risco de ataques aumenta.<\/p>\n<p>Al\u00e9m das perdas materiais, os ribeirinhos temem os m\u00e9todos violentos dos piratas. \u201cEles agridem de gra\u00e7a, atiram de gra\u00e7a, matam de gra\u00e7a.\u201d<\/p>\n<p>Tamb\u00e9m em resposta \u00e0s a\u00e7\u00f5es, o morador conta que muitos barcos maiores, de linhas regulares, passaram a circular com seguran\u00e7as armados \u00e0 paisana entre os passageiros.<\/p>\n","protected":false},"excerpt":{"rendered":"<p>Par\u00e1 quer criar for\u00e7a especial para combater pirataria nos rios (BBC)\u00a0O ataque, ocorrido no m\u00eas passado, n\u00e3o teve como cen\u00e1rio o oceano \u00cdndico ou o Golfo de Aden, \u00e1reas de atua\u00e7\u00e3o de piratas somalis, mas sim o norte do Par\u00e1. Suas v\u00edtimas, que perderam cerca de R$ 15 mil em dinheiro, al\u00e9m de joias e [&hellip;]<\/p>\n","protected":false},"author":2,"featured_media":0,"comment_status":"open","ping_status":"open","sticky":false,"template":"","format":"standard","meta":{"ngg_post_thumbnail":0,"footnotes":""},"categories":[7],"tags":[],"class_list":["post-1664","post","type-post","status-publish","format-standard","hentry","category-noticias"],"_links":{"self":[{"href":"https:\/\/ultimato.com.br\/sites\/paralelo10\/wp-json\/wp\/v2\/posts\/1664","targetHints":{"allow":["GET"]}}],"collection":[{"href":"https:\/\/ultimato.com.br\/sites\/paralelo10\/wp-json\/wp\/v2\/posts"}],"about":[{"href":"https:\/\/ultimato.com.br\/sites\/paralelo10\/wp-json\/wp\/v2\/types\/post"}],"author":[{"embeddable":true,"href":"https:\/\/ultimato.com.br\/sites\/paralelo10\/wp-json\/wp\/v2\/users\/2"}],"replies":[{"embeddable":true,"href":"https:\/\/ultimato.com.br\/sites\/paralelo10\/wp-json\/wp\/v2\/comments?post=1664"}],"version-history":[{"count":2,"href":"https:\/\/ultimato.com.br\/sites\/paralelo10\/wp-json\/wp\/v2\/posts\/1664\/revisions"}],"predecessor-version":[{"id":1674,"href":"https:\/\/ultimato.com.br\/sites\/paralelo10\/wp-json\/wp\/v2\/posts\/1664\/revisions\/1674"}],"wp:attachment":[{"href":"https:\/\/ultimato.com.br\/sites\/paralelo10\/wp-json\/wp\/v2\/media?parent=1664"}],"wp:term":[{"taxonomy":"category","embeddable":true,"href":"https:\/\/ultimato.com.br\/sites\/paralelo10\/wp-json\/wp\/v2\/categories?post=1664"},{"taxonomy":"post_tag","embeddable":true,"href":"https:\/\/ultimato.com.br\/sites\/paralelo10\/wp-json\/wp\/v2\/tags?post=1664"}],"curies":[{"name":"wp","href":"https:\/\/api.w.org\/{rel}","templated":true}]}}