{"id":1658,"date":"2011-07-25T10:01:04","date_gmt":"2011-07-25T13:01:04","guid":{"rendered":"http:\/\/ultimato.com.br\/sites\/paralelo10\/?p=1658"},"modified":"2011-07-25T15:36:47","modified_gmt":"2011-07-25T18:36:47","slug":"historia-recontada","status":"publish","type":"post","link":"https:\/\/ultimato.com.br\/sites\/paralelo10\/2011\/07\/historia-recontada\/","title":{"rendered":"Historia recontada"},"content":{"rendered":"<p><a href=\"http:\/\/ultimato.com.br\/sites\/paralelo10\/files\/2011\/07\/25_07_paralelo10_indio.jpg\" class=\"lightview\" data-lightview-group=\"group-1658\" data-lightview-options=\"skin: 'dark', controls: 'relative', padding: '10', shadow: { color: '#000000', opacity: 0.08, blur: 3 }\" data-lightview-title=\"25_07_paralelo10_indio\"><img loading=\"lazy\" decoding=\"async\" class=\"alignleft size-full wp-image-1671\" title=\"25_07_paralelo10_indio\" src=\"http:\/\/ultimato.com.br\/sites\/paralelo10\/files\/2011\/07\/25_07_paralelo10_indio.jpg\" alt=\"\" width=\"236\" height=\"157\" srcset=\"https:\/\/ultimato.com.br\/sites\/paralelo10\/files\/2011\/07\/25_07_paralelo10_indio.jpg 295w, https:\/\/ultimato.com.br\/sites\/paralelo10\/files\/2011\/07\/25_07_paralelo10_indio-150x99.jpg 150w\" sizes=\"auto, (max-width: 236px) 100vw, 236px\" \/><\/a>Como ensinar os brasileiros brancos a entenderem os brasileiros ind\u00edgenas? A entrevista com o doutor em educa\u00e7\u00e3o, o ind\u00edgena Daniel Munduruku, feita pelo\u00a0<a href=\"http:\/\/g1.globo.com\/videos\/globo-news\/milenio\/v\/populacao-indigena-brasileira-e-a-menos-conhecida-pela-sociedade\/1561910\/\" target=\"_blank\">programa Mil\u00eanio<\/a>, da Globo News, traz a tona quest\u00f5es atuais, como o preconceito contra os ind\u00edgenas, a pluralidade cultural das etnias e uma revis\u00e3o da hist\u00f3ria que nos foi contada desde a inf\u00e2ncia. Vale a pena assistir!<\/p>\n","protected":false},"excerpt":{"rendered":"<p>Como ensinar os brasileiros brancos a entenderem os brasileiros ind\u00edgenas? A entrevista com o doutor em educa\u00e7\u00e3o, o ind\u00edgena Daniel Munduruku, feita pelo\u00a0programa Mil\u00eanio, da Globo News, traz a tona quest\u00f5es atuais, como o preconceito contra os ind\u00edgenas, a pluralidade cultural das etnias e uma revis\u00e3o da hist\u00f3ria que nos foi contada desde a inf\u00e2ncia. [&hellip;]<\/p>\n","protected":false},"author":2,"featured_media":0,"comment_status":"open","ping_status":"open","sticky":false,"template":"","format":"standard","meta":{"ngg_post_thumbnail":0,"footnotes":""},"categories":[8],"tags":[],"class_list":["post-1658","post","type-post","status-publish","format-standard","hentry","category-toro-de-palpites"],"_links":{"self":[{"href":"https:\/\/ultimato.com.br\/sites\/paralelo10\/wp-json\/wp\/v2\/posts\/1658","targetHints":{"allow":["GET"]}}],"collection":[{"href":"https:\/\/ultimato.com.br\/sites\/paralelo10\/wp-json\/wp\/v2\/posts"}],"about":[{"href":"https:\/\/ultimato.com.br\/sites\/paralelo10\/wp-json\/wp\/v2\/types\/post"}],"author":[{"embeddable":true,"href":"https:\/\/ultimato.com.br\/sites\/paralelo10\/wp-json\/wp\/v2\/users\/2"}],"replies":[{"embeddable":true,"href":"https:\/\/ultimato.com.br\/sites\/paralelo10\/wp-json\/wp\/v2\/comments?post=1658"}],"version-history":[{"count":7,"href":"https:\/\/ultimato.com.br\/sites\/paralelo10\/wp-json\/wp\/v2\/posts\/1658\/revisions"}],"predecessor-version":[{"id":1660,"href":"https:\/\/ultimato.com.br\/sites\/paralelo10\/wp-json\/wp\/v2\/posts\/1658\/revisions\/1660"}],"wp:attachment":[{"href":"https:\/\/ultimato.com.br\/sites\/paralelo10\/wp-json\/wp\/v2\/media?parent=1658"}],"wp:term":[{"taxonomy":"category","embeddable":true,"href":"https:\/\/ultimato.com.br\/sites\/paralelo10\/wp-json\/wp\/v2\/categories?post=1658"},{"taxonomy":"post_tag","embeddable":true,"href":"https:\/\/ultimato.com.br\/sites\/paralelo10\/wp-json\/wp\/v2\/tags?post=1658"}],"curies":[{"name":"wp","href":"https:\/\/api.w.org\/{rel}","templated":true}]}}