{"id":1645,"date":"2011-07-20T09:00:08","date_gmt":"2011-07-20T12:00:08","guid":{"rendered":"http:\/\/ultimato.com.br\/sites\/paralelo10\/?p=1645"},"modified":"2011-07-19T09:16:16","modified_gmt":"2011-07-19T12:16:16","slug":"ser-discipulo-de-cristo-nao-e-ser-evangelico","status":"publish","type":"post","link":"https:\/\/ultimato.com.br\/sites\/paralelo10\/2011\/07\/ser-discipulo-de-cristo-nao-e-ser-evangelico\/","title":{"rendered":"Ser disc\u00edpulo de Cristo n\u00e3o \u00e9 ser evang\u00e9lico!"},"content":{"rendered":"<p>\u201cSer disc\u00edpulo de Cristo n\u00e3o \u00e9 ser evang\u00e9lico!\u201d Essa frase foi, pra mim, uma das mais marcantes do Pr. Joseni no Encontr\u00e3o! Tenho certeza que esse Encontr\u00e3o foi um divisor de \u00e1guas na vida de muitos jovens e adolescentes que estiveram l\u00e1!<\/p>\n<p><a href=\"http:\/\/ultimato.com.br\/sites\/paralelo10\/files\/2011\/07\/19_07_paralelo_mundo.jpg\" class=\"lightview\" data-lightview-group=\"group-1645\" data-lightview-options=\"skin: 'dark', controls: 'relative', padding: '10', shadow: { color: '#000000', opacity: 0.08, blur: 3 }\" data-lightview-title=\"19_07_paralelo_mundo\"><img loading=\"lazy\" decoding=\"async\" class=\"aligncenter size-full wp-image-1651\" title=\"19_07_paralelo_mundo\" src=\"http:\/\/ultimato.com.br\/sites\/paralelo10\/files\/2011\/07\/19_07_paralelo_mundo.jpg\" alt=\"\" width=\"384\" height=\"237\" srcset=\"https:\/\/ultimato.com.br\/sites\/paralelo10\/files\/2011\/07\/19_07_paralelo_mundo.jpg 384w, https:\/\/ultimato.com.br\/sites\/paralelo10\/files\/2011\/07\/19_07_paralelo_mundo-300x185.jpg 300w, https:\/\/ultimato.com.br\/sites\/paralelo10\/files\/2011\/07\/19_07_paralelo_mundo-150x92.jpg 150w\" sizes=\"auto, (max-width: 384px) 100vw, 384px\" \/><\/a><\/p>\n<p><strong>O Encontro<\/strong><\/p>\n<p>Aconteceu nos dias 24 a 26 de junho de 2011 o Encontro de Jovens e Adolescentes do Presbit\u00e9rio Oeste da Bahia. Com o tema &#8220;Miss\u00e3o Integral \u2013 O Evangelho todo a todos&#8221;, o Pr. Joseni (Ig. Presbiteriana do Cruzeiro \u2013 DF), no primeiro dia (24\/06), fez um tour hist\u00f3rico desde a igreja primitiva em Atos at\u00e9 o Pacto de Lausanne. Discutimos o lema de Lausanne \u201cO evangelho todo, para o homem todo, para todos os homens\u201d.<!--more--><\/p>\n<p>No segundo dia (25\/06), o pastor abordou alguns equ\u00edvocos nossos em rela\u00e7\u00e3o \u00e0 miss\u00e3o. Por exemplo: igreja n\u00e3o \u00e9 local geogr\u00e1fico, e sim, cada um de n\u00f3s! Ou ainda trabalhar na igreja n\u00e3o \u00e9 simplesmente a\u00e7\u00f5es feitas dentro do templo ou voltadas para a religi\u00e3o. E que evangeliza\u00e7\u00e3o deve ser estilo de vida e n\u00e3o programa\u00e7\u00e3o evangel\u00edstica da igreja.<\/p>\n<p>\u00c0 tarde, nesse dia, tivemos oficinas. Nas palavras do Pr. Zez\u00e9: \u201cFalei da teoria porque a pr\u00e1tica voc\u00eas ver\u00e3o nas oficinas!\u201d. As oficinas Evangelismo Infantil (Ozana \u2013 Ig. Presbiteriana em Cocos &#8211; BA), Miss\u00f5es Estudantis (Daniela \u2013 Ig. Presbiteriana em Barreiras &#8211; BA) e Evangelismo Urbano (Miss. Lusa \u2013 Congrega\u00e7\u00e3o Presbiteriana em S\u00e3o Felix &#8211; BA), foram momentos de crescimento e amadurecimento da pr\u00e1tica crist\u00e3.<\/p>\n<p>No terceiro dia (26\/06), a Mission\u00e1ria Luzinete, de S\u00e3o Felix, falou sobre a necessidade de se fazer miss\u00e3o nas cidades. S\u00e3o as cidades que abrigam mais de 80% da popula\u00e7\u00e3o mundial, e como podemos enxergar a vida nas cidades \u00e9 sempre imediatista, voltada para o trabalho e o capital. Ela nos conduziu em uma leitura da realidade urbana, da busca das pessoas por Deus e se estamos inseridos na cidade, vamos falar de Jesus onde estamos.<\/p>\n<p>Al\u00e9m das palestras, tivemos ainda gincana e um frio de quase 0\u00b0!<\/p>\n<p>&nbsp;<\/p>\n<p><strong>Efeitos<\/strong><\/p>\n<p>Durante o evento foi poss\u00edvel presenciar jovens e adolescentes se reunindo para orar de manh\u00e3zinha antes das programa\u00e7\u00f5es, nas rodas de conversas a maior parte do assunto era a discuss\u00e3o do impacto que o conhecimento de Miss\u00e3o integral estava causando e alguns j\u00e1 diziam que queriam voltar pra casa para colocar em pr\u00e1tica o que estavam aprendendo.<\/p>\n<p>Ap\u00f3s o evento todos voltaram para suas cidades e aos poucos ficamos sabendo dos efeitos. Na Igreja de Santa Maria da Vit\u00f3ria (BA), um grupo de jovens e adolescentes se dispuseram a ajudar a mission\u00e1ria que trabalha em uma pequena cidade pr\u00f3xima. Em Cocos (BA), os jovens se re\u00fanem regularmente para ler, estudar e discutir miss\u00e3o integral. Um adolescente teve seu chamado para o minist\u00e9rio e est\u00e1 sendo acompanhado pelo pastor que foi o preletor do evento.<\/p>\n<p>&nbsp;<\/p>\n<p>Essas foram algumas das b\u00ean\u00e7\u00e3os que recebemos durante e ap\u00f3s o Encontr\u00e3o.<\/p>\n<p>Minha ora\u00e7\u00e3o \u00e9 que o Senhor continue a trabalhar em nossas igrejas, n\u00e3o nos templos, mas nas pessoas como j\u00e1 vem fazendo!<\/p>\n<p>__________<\/p>\n<div><strong>Daniela Adlay<\/strong> \u00e9 contadora e congrega na Igreja Presbiteriana de Barreiras (BA), onde \u00e9 coordenadora do Minist\u00e9rio de A\u00e7\u00e3o Social.<\/div>\n","protected":false},"excerpt":{"rendered":"<p>\u201cSer disc\u00edpulo de Cristo n\u00e3o \u00e9 ser evang\u00e9lico!\u201d Essa frase foi, pra mim, uma das mais marcantes do Pr. Joseni no Encontr\u00e3o! Tenho certeza que esse Encontr\u00e3o foi um divisor de \u00e1guas na vida de muitos jovens e adolescentes que estiveram l\u00e1! O Encontro Aconteceu nos dias 24 a 26 de junho de 2011 o [&hellip;]<\/p>\n","protected":false},"author":2,"featured_media":0,"comment_status":"open","ping_status":"open","sticky":false,"template":"","format":"standard","meta":{"ngg_post_thumbnail":0,"footnotes":""},"categories":[95],"tags":[],"class_list":["post-1645","post","type-post","status-publish","format-standard","hentry","category-testemunhos"],"_links":{"self":[{"href":"https:\/\/ultimato.com.br\/sites\/paralelo10\/wp-json\/wp\/v2\/posts\/1645","targetHints":{"allow":["GET"]}}],"collection":[{"href":"https:\/\/ultimato.com.br\/sites\/paralelo10\/wp-json\/wp\/v2\/posts"}],"about":[{"href":"https:\/\/ultimato.com.br\/sites\/paralelo10\/wp-json\/wp\/v2\/types\/post"}],"author":[{"embeddable":true,"href":"https:\/\/ultimato.com.br\/sites\/paralelo10\/wp-json\/wp\/v2\/users\/2"}],"replies":[{"embeddable":true,"href":"https:\/\/ultimato.com.br\/sites\/paralelo10\/wp-json\/wp\/v2\/comments?post=1645"}],"version-history":[{"count":4,"href":"https:\/\/ultimato.com.br\/sites\/paralelo10\/wp-json\/wp\/v2\/posts\/1645\/revisions"}],"predecessor-version":[{"id":1653,"href":"https:\/\/ultimato.com.br\/sites\/paralelo10\/wp-json\/wp\/v2\/posts\/1645\/revisions\/1653"}],"wp:attachment":[{"href":"https:\/\/ultimato.com.br\/sites\/paralelo10\/wp-json\/wp\/v2\/media?parent=1645"}],"wp:term":[{"taxonomy":"category","embeddable":true,"href":"https:\/\/ultimato.com.br\/sites\/paralelo10\/wp-json\/wp\/v2\/categories?post=1645"},{"taxonomy":"post_tag","embeddable":true,"href":"https:\/\/ultimato.com.br\/sites\/paralelo10\/wp-json\/wp\/v2\/tags?post=1645"}],"curies":[{"name":"wp","href":"https:\/\/api.w.org\/{rel}","templated":true}]}}