{"id":1642,"date":"2011-07-18T09:40:36","date_gmt":"2011-07-18T12:40:36","guid":{"rendered":"http:\/\/ultimato.com.br\/sites\/paralelo10\/?p=1642"},"modified":"2011-07-14T09:44:30","modified_gmt":"2011-07-14T12:44:30","slug":"a-amazonia-e-seus-quatrilhoes","status":"publish","type":"post","link":"https:\/\/ultimato.com.br\/sites\/paralelo10\/2011\/07\/a-amazonia-e-seus-quatrilhoes\/","title":{"rendered":"A Amaz\u00f4nia e seus quatrilh\u00f5es"},"content":{"rendered":"<p><a href=\"http:\/\/ultimato.com.br\/sites\/paralelo10\/files\/2011\/07\/14_07_paralelo10_floresta_amazonica.jpg\" class=\"lightview\" data-lightview-group=\"group-1642\" data-lightview-options=\"skin: 'dark', controls: 'relative', padding: '10', shadow: { color: '#000000', opacity: 0.08, blur: 3 }\" data-lightview-title=\"14_07_paralelo10_floresta_amazonica\"><img loading=\"lazy\" decoding=\"async\" class=\"alignleft size-thumbnail wp-image-1643\" title=\"14_07_paralelo10_floresta_amazonica\" src=\"http:\/\/ultimato.com.br\/sites\/paralelo10\/files\/2011\/07\/14_07_paralelo10_floresta_amazonica-150x150.jpg\" alt=\"\" width=\"150\" height=\"150\" srcset=\"https:\/\/ultimato.com.br\/sites\/paralelo10\/files\/2011\/07\/14_07_paralelo10_floresta_amazonica-150x150.jpg 150w, https:\/\/ultimato.com.br\/sites\/paralelo10\/files\/2011\/07\/14_07_paralelo10_floresta_amazonica-80x80.jpg 80w\" sizes=\"auto, (max-width: 150px) 100vw, 150px\" \/><\/a>(<a href=\"http:\/\/planetasustentavel.abril.com.br\/blog\/eco\/amazonia-seus-quatrilhoes-295452_post.shtml?utm_source=twitterfeed&amp;utm_medium=twitter\">Planeta Sustent\u00e1vel<\/a>) Parece que a velha m\u00e1xima de que a Amaz\u00f4nia \u00e9 terra de riquezas finalmente ganhou um fundamento t\u00e9cnico robusto. O pesquisador Jos\u00e9 Aroudo Mota, do Instituto de Pesquisa Econ\u00f4mica Aplicada estimou em US$ 1,9 quatrilh\u00e3o o valor das reservas de \u00e1gua, mas isso \u00e9 s\u00f3 um fator da conta a que v\u00eam se somar ainda biodiversidade, recursos minerais e seq\u00fcestro de carbono.<\/p>\n<p>O levantamento poderia at\u00e9 ser comparado a um Relat\u00f3rio Stern vers\u00e3o tupiniquim. O estudo de Sir Nicholas Stern, publicado em 2006, revelou pela primeira vez em termos financeiros o custo da imobilidade no enfrentamento \u00e0 mudan\u00e7a do clima. Agora, no contexto brasileiro, finalmente sabemos o tamanho da perda econ\u00f4mica associada ao desmatamento. Sem floresta, n\u00e3o tem biodiversidade, n\u00e3o tem captura de carbono e nem \u00e1gua, j\u00e1 que o solo raso perde a capacidade de ret\u00ea-la.<\/p>\n<p>Segundo reportagem do jornal O Globo, em teoria, a floresta em p\u00e9 poderia ser considerada o maior ativo econ\u00f4mico do Pa\u00eds. \u00c9 uma conclus\u00e3o empolgante. Mas n\u00e3o muda o fato de que, ainda hoje, um hectare de terra desmatado na Amaz\u00f4nia pode valer 12 vezes mais que um hectare de floresta no mercado fundi\u00e1rio.<\/p>\n<p>O desafio no radar, in\u00e9dito na Hist\u00f3ria, \u00e9 o de traduzir toda essa elucubra\u00e7\u00e3o te\u00f3rica para a vida real. O que, para muitos estudiosos, implica desenvolver um mercado real para todos esses ativos ambientais, tais como a biodiversidade e o servi\u00e7o de produ\u00e7\u00e3o e distribui\u00e7\u00e3o de \u00e1gua por meio da chuva.<\/p>\n<p>Se desmatar \u00e9 anti-econ\u00f4mico para o Pa\u00eds, precisa ser tamb\u00e9m para os indiv\u00edduos. Isso inclui os colonos, os grileiros, os pecuaristas, os agricultores e (como n\u00e3o lembrar deles?) os ruralistas. Grosso modo, essa empreitada esbarra em duas perguntas fundamentais: quem pagar\u00e1 a conta? E como os recursos devem ser distribu\u00eddos?<\/p>\n<p>Ta\u00ed uma charada cascuda, haja vista todas as controv\u00e9rsias que cercam o mercado de carbono e o nascente mercado da biodiversidade. O jeito \u00e9 torcer para que as melhores mentes encontrem sa\u00eddas para corrigir distor\u00e7\u00f5es antes que o sistema econ\u00f4mico passe a valorizar os recursos naturais pela via amarga: a mais absoluta escassez.<\/p>\n","protected":false},"excerpt":{"rendered":"<p>(Planeta Sustent\u00e1vel) Parece que a velha m\u00e1xima de que a Amaz\u00f4nia \u00e9 terra de riquezas finalmente ganhou um fundamento t\u00e9cnico robusto. O pesquisador Jos\u00e9 Aroudo Mota, do Instituto de Pesquisa Econ\u00f4mica Aplicada estimou em US$ 1,9 quatrilh\u00e3o o valor das reservas de \u00e1gua, mas isso \u00e9 s\u00f3 um fator da conta a que v\u00eam se [&hellip;]<\/p>\n","protected":false},"author":2,"featured_media":0,"comment_status":"open","ping_status":"open","sticky":false,"template":"","format":"standard","meta":{"ngg_post_thumbnail":0,"footnotes":""},"categories":[7],"tags":[],"class_list":["post-1642","post","type-post","status-publish","format-standard","hentry","category-noticias"],"_links":{"self":[{"href":"https:\/\/ultimato.com.br\/sites\/paralelo10\/wp-json\/wp\/v2\/posts\/1642","targetHints":{"allow":["GET"]}}],"collection":[{"href":"https:\/\/ultimato.com.br\/sites\/paralelo10\/wp-json\/wp\/v2\/posts"}],"about":[{"href":"https:\/\/ultimato.com.br\/sites\/paralelo10\/wp-json\/wp\/v2\/types\/post"}],"author":[{"embeddable":true,"href":"https:\/\/ultimato.com.br\/sites\/paralelo10\/wp-json\/wp\/v2\/users\/2"}],"replies":[{"embeddable":true,"href":"https:\/\/ultimato.com.br\/sites\/paralelo10\/wp-json\/wp\/v2\/comments?post=1642"}],"version-history":[{"count":1,"href":"https:\/\/ultimato.com.br\/sites\/paralelo10\/wp-json\/wp\/v2\/posts\/1642\/revisions"}],"predecessor-version":[{"id":1644,"href":"https:\/\/ultimato.com.br\/sites\/paralelo10\/wp-json\/wp\/v2\/posts\/1642\/revisions\/1644"}],"wp:attachment":[{"href":"https:\/\/ultimato.com.br\/sites\/paralelo10\/wp-json\/wp\/v2\/media?parent=1642"}],"wp:term":[{"taxonomy":"category","embeddable":true,"href":"https:\/\/ultimato.com.br\/sites\/paralelo10\/wp-json\/wp\/v2\/categories?post=1642"},{"taxonomy":"post_tag","embeddable":true,"href":"https:\/\/ultimato.com.br\/sites\/paralelo10\/wp-json\/wp\/v2\/tags?post=1642"}],"curies":[{"name":"wp","href":"https:\/\/api.w.org\/{rel}","templated":true}]}}