{"id":1633,"date":"2011-07-13T12:00:37","date_gmt":"2011-07-13T15:00:37","guid":{"rendered":"http:\/\/ultimato.com.br\/sites\/paralelo10\/?p=1633"},"modified":"2011-07-13T11:17:50","modified_gmt":"2011-07-13T14:17:50","slug":"o-mapa-do-analfabetismo-no-brasil","status":"publish","type":"post","link":"https:\/\/ultimato.com.br\/sites\/paralelo10\/2011\/07\/o-mapa-do-analfabetismo-no-brasil\/","title":{"rendered":"O mapa do analfabetismo no Brasil"},"content":{"rendered":"<p><a href=\"http:\/\/ultimato.com.br\/sites\/paralelo10\/files\/2011\/07\/13_07_paralelo10_analfabetismo.jpg\" class=\"lightview\" data-lightview-group=\"group-1633\" data-lightview-options=\"skin: 'dark', controls: 'relative', padding: '10', shadow: { color: '#000000', opacity: 0.08, blur: 3 }\" data-lightview-title=\"13_07_paralelo10_analfabetismo\"><img loading=\"lazy\" decoding=\"async\" class=\"alignright size-full wp-image-1634\" title=\"13_07_paralelo10_analfabetismo\" src=\"http:\/\/ultimato.com.br\/sites\/paralelo10\/files\/2011\/07\/13_07_paralelo10_analfabetismo.jpg\" alt=\"\" width=\"240\" height=\"157\" srcset=\"https:\/\/ultimato.com.br\/sites\/paralelo10\/files\/2011\/07\/13_07_paralelo10_analfabetismo.jpg 300w, https:\/\/ultimato.com.br\/sites\/paralelo10\/files\/2011\/07\/13_07_paralelo10_analfabetismo-150x98.jpg 150w\" sizes=\"auto, (max-width: 240px) 100vw, 240px\" \/><\/a>O jornal O Estado de S\u00e3o Paulo publicou o <a href=\"http:\/\/www.estadao.com.br\/especiais\/mapa-do-analfabetismo-no-brasil,142319.htm\">mapa do analfabetismo no Brasil<\/a>, com base nos dados do IBGE. Lamentavelmente, os \u00edndices mais negativos est\u00e3o nas regi\u00f5es Norte e Nordeste.<\/p>\n<p>O jornal entrevistou Mozart Neves Ramos, ex-secret\u00e1rio de Educa\u00e7\u00e3o de Pernambuco e hoje integrante do movimento Todos pela Educa\u00e7\u00e3o que afirmou: &#8220;O Brasil ter\u00e1 de fazer um esfor\u00e7o grande para chegar \u00e0 meta fixada com a Unesco. S\u00e3o os rinc\u00f5es do Norte e do Nordeste que mais contribuem para a taxa entre os adultos&#8221;.<\/p>\n<p>Com 13,9 milh\u00f5es de jovens, adultos e idosos que n\u00e3o sabem ler nem escrever \u2013 ou 9,6% da popula\u00e7\u00e3o de 15 anos ou mais, segundo o Censo 2010 \u2013, o Brasil ter\u00e1 de dobrar o ritmo de queda do analfabetismo para cumprir a meta assumida perante a ONU de chegar \u00e0 taxa de 6,7% em 2015.<\/p>\n","protected":false},"excerpt":{"rendered":"<p>O jornal O Estado de S\u00e3o Paulo publicou o mapa do analfabetismo no Brasil, com base nos dados do IBGE. Lamentavelmente, os \u00edndices mais negativos est\u00e3o nas regi\u00f5es Norte e Nordeste. O jornal entrevistou Mozart Neves Ramos, ex-secret\u00e1rio de Educa\u00e7\u00e3o de Pernambuco e hoje integrante do movimento Todos pela Educa\u00e7\u00e3o que afirmou: &#8220;O Brasil ter\u00e1 [&hellip;]<\/p>\n","protected":false},"author":2,"featured_media":0,"comment_status":"open","ping_status":"open","sticky":false,"template":"","format":"standard","meta":{"ngg_post_thumbnail":0,"footnotes":""},"categories":[7],"tags":[],"class_list":["post-1633","post","type-post","status-publish","format-standard","hentry","category-noticias"],"_links":{"self":[{"href":"https:\/\/ultimato.com.br\/sites\/paralelo10\/wp-json\/wp\/v2\/posts\/1633","targetHints":{"allow":["GET"]}}],"collection":[{"href":"https:\/\/ultimato.com.br\/sites\/paralelo10\/wp-json\/wp\/v2\/posts"}],"about":[{"href":"https:\/\/ultimato.com.br\/sites\/paralelo10\/wp-json\/wp\/v2\/types\/post"}],"author":[{"embeddable":true,"href":"https:\/\/ultimato.com.br\/sites\/paralelo10\/wp-json\/wp\/v2\/users\/2"}],"replies":[{"embeddable":true,"href":"https:\/\/ultimato.com.br\/sites\/paralelo10\/wp-json\/wp\/v2\/comments?post=1633"}],"version-history":[{"count":5,"href":"https:\/\/ultimato.com.br\/sites\/paralelo10\/wp-json\/wp\/v2\/posts\/1633\/revisions"}],"predecessor-version":[{"id":1641,"href":"https:\/\/ultimato.com.br\/sites\/paralelo10\/wp-json\/wp\/v2\/posts\/1633\/revisions\/1641"}],"wp:attachment":[{"href":"https:\/\/ultimato.com.br\/sites\/paralelo10\/wp-json\/wp\/v2\/media?parent=1633"}],"wp:term":[{"taxonomy":"category","embeddable":true,"href":"https:\/\/ultimato.com.br\/sites\/paralelo10\/wp-json\/wp\/v2\/categories?post=1633"},{"taxonomy":"post_tag","embeddable":true,"href":"https:\/\/ultimato.com.br\/sites\/paralelo10\/wp-json\/wp\/v2\/tags?post=1633"}],"curies":[{"name":"wp","href":"https:\/\/api.w.org\/{rel}","templated":true}]}}