{"id":1622,"date":"2011-07-08T10:42:35","date_gmt":"2011-07-08T13:42:35","guid":{"rendered":"http:\/\/ultimato.com.br\/sites\/paralelo10\/?p=1622"},"modified":"2011-07-08T10:42:35","modified_gmt":"2011-07-08T13:42:35","slug":"recife-sedia-o-iv-encontro-nordestino-de-vacinas-anti-hiv","status":"publish","type":"post","link":"https:\/\/ultimato.com.br\/sites\/paralelo10\/2011\/07\/recife-sedia-o-iv-encontro-nordestino-de-vacinas-anti-hiv\/","title":{"rendered":"Recife sedia o IV Encontro Nordestino de Vacinas Anti-HIV"},"content":{"rendered":"<p><img loading=\"lazy\" decoding=\"async\" class=\"alignright\" src=\"http:\/\/4.bp.blogspot.com\/_U_gGRvARLYI\/TO0asKJVwSI\/AAAAAAAAEpI\/r3hOIDYa8ps\/s1600\/hiv.jpg\" alt=\"\" width=\"136\" height=\"179\" \/>(<a href=\"http:\/\/diaconia.org.br\/index.php?option=com_content&amp;task=view&amp;id=1540&amp;Itemid=203\">Diaconia<\/a>) H\u00e1 pelo menos duas d\u00e9cadas, a busca de uma vacina para a Aids \u00e9 um dos grandes objetivos da biomedicina. At\u00e9 agora, muito esfor\u00e7o foi feito, mas o avan\u00e7o ainda \u00e9 lento.  Esse \u00e9 o tema do IV Encontro de Vacinas Anti-HIV e Aids da Regi\u00e3o Nordeste, que acontece amanh\u00e3 (08) em Recife. O evento \u00e9 uma realiza\u00e7\u00e3o da ONG Grupo de Trabalhos em Preven\u00e7\u00e3o Posithivo, em parceria com o Comit\u00ea Comunit\u00e1rio de Acompanhamento de Pesquisas em Pernambucano, e do Programa Estadual de DST\/AIDS de Pernambuco, e a IAVI.<\/p>\n<p><!--more--><\/p>\n<p>O encontro promete um amplo debate que gere informa\u00e7\u00f5es e conhecimento sobre vacinas anti-HIV terap\u00eauticas e preventivas, sem deixar de lado tem\u00e1ticas como \u00e9tica na pesquisa, participa\u00e7\u00e3o comunit\u00e1ria no processo de controle social e socializa\u00e7\u00e3o de novos m\u00e9todos e experimentos da investiga\u00e7\u00e3o de preven\u00e7\u00e3o ao v\u00edrus HIV.  Participam deste momento representantes que j\u00e1 atuam no campo de vacinas Anti-HIV dos estados de Pernambuco, Bahia e Cear\u00e1.<\/p>\n<p>O Brasil conta com s\u00edtios de pesquisas Anti-HIV em Belo Horizonte, Porto Alegre, Rio de Janeiro, S\u00e3o Paulo e Recife. Em Pernambuco, h\u00e1 uma pesquisa em andamento no Centro de Pesquisa Aggeu Magalh\u00e3es, da Universidade Federal de Pernambuco. Entre as dificuldades encontradas para produ\u00e7\u00e3o de uma vacina eficaz, deve-se a fato do HIV ser um retrov\u00edrus, capaz de se integrar ao material gen\u00e9tico do hospedeiro, o que impossibilita o uso do v\u00edrus atenuado para a produ\u00e7\u00e3o de vacina. Outras caracter\u00edsticas s\u00e3o a grande variabilidade e a capacidade de recombina\u00e7\u00e3o do v\u00edrus, impedindo o sistema imune de montar uma resposta.<\/p>\n<p>Debates sobre estrat\u00e9gias de preven\u00e7\u00e3o tamb\u00e9m fazem parte da programa\u00e7\u00e3o, como a profilaxia pr\u00e9-exposi\u00e7\u00e3o (PrEP)\u2014a administra\u00e7\u00e3o de antiretrovirais (ARVs) antes da exposi\u00e7\u00e3o ao HIV para proteger contra a infec\u00e7\u00e3o, atualmente existe ensaios cl\u00ednicos na esperan\u00e7a de reduzir o risco de contrair o HIV e a Profilaxia p\u00f3s-exposi\u00e7\u00e3o, ou PEP, \u00e9 dada a indiv\u00edduos ap\u00f3s uma poss\u00edvel exposi\u00e7\u00e3o ao HIV. Se administrada em at\u00e9 3 dias da exposi\u00e7\u00e3o ao HIV, a PEP j\u00e1 se mostra capaz de reduzir o risco de infec\u00e7\u00e3o pelo HIV \u2013 por\u00e9m n\u00e3o \u00e9 uma substituta para outras estrat\u00e9gias de preven\u00e7\u00e3o do HIV. \u201cEmpoderar essas representa\u00e7\u00f5es sobre as novas t\u00e9cnicas de preven\u00e7\u00e3o ao HIV \u00e9 essencial para o monitoramento desses servi\u00e7os no SUS\u201d, disse Wladimir Reis, o coordenador geral do GTP+. A PEP j\u00e1 est\u00e1 sendo implementada a partir do novo consenso terap\u00eautico do Departamento de DST,AIDS e Hepatites Virais no Brasil.<\/p>\n<p>Ao fim do encontro, depois de todos os debates, haver\u00e1 uma apresenta\u00e7\u00e3o do grupo de teatro \u201cTurma da Preven\u00e7\u00e3o\u201d, com o esquete teatral \u201cVacinas J\u00e1\u201d.<\/p>\n<p>&nbsp;<\/p>\n<p><strong>Servi\u00e7o<\/strong><\/p>\n<p>IV Encontro de Vacinas Anti-HIV e Aids<\/p>\n<p>Hora: 9h \u2013 18h<\/p>\n<p>Local: Hotel Canarius. Boa Viagem \u2013 Recife | PE<\/p>\n<p>&nbsp;<\/p>\n<p>Departamento de Comunica\u00e7\u00e3o do GTP+<\/p>\n<p>Mariana Karilena \u2013 (81) 8636 9863 | Emanuela Castro \u2013 (81) 9193.2315<\/p>\n","protected":false},"excerpt":{"rendered":"<p>(Diaconia) H\u00e1 pelo menos duas d\u00e9cadas, a busca de uma vacina para a Aids \u00e9 um dos grandes objetivos da biomedicina. At\u00e9 agora, muito esfor\u00e7o foi feito, mas o avan\u00e7o ainda \u00e9 lento. Esse \u00e9 o tema do IV Encontro de Vacinas Anti-HIV e Aids da Regi\u00e3o Nordeste, que acontece amanh\u00e3 (08) em Recife. O [&hellip;]<\/p>\n","protected":false},"author":2,"featured_media":0,"comment_status":"open","ping_status":"open","sticky":false,"template":"","format":"standard","meta":{"ngg_post_thumbnail":0,"footnotes":""},"categories":[7],"tags":[],"class_list":["post-1622","post","type-post","status-publish","format-standard","hentry","category-noticias"],"_links":{"self":[{"href":"https:\/\/ultimato.com.br\/sites\/paralelo10\/wp-json\/wp\/v2\/posts\/1622","targetHints":{"allow":["GET"]}}],"collection":[{"href":"https:\/\/ultimato.com.br\/sites\/paralelo10\/wp-json\/wp\/v2\/posts"}],"about":[{"href":"https:\/\/ultimato.com.br\/sites\/paralelo10\/wp-json\/wp\/v2\/types\/post"}],"author":[{"embeddable":true,"href":"https:\/\/ultimato.com.br\/sites\/paralelo10\/wp-json\/wp\/v2\/users\/2"}],"replies":[{"embeddable":true,"href":"https:\/\/ultimato.com.br\/sites\/paralelo10\/wp-json\/wp\/v2\/comments?post=1622"}],"version-history":[{"count":2,"href":"https:\/\/ultimato.com.br\/sites\/paralelo10\/wp-json\/wp\/v2\/posts\/1622\/revisions"}],"predecessor-version":[{"id":1624,"href":"https:\/\/ultimato.com.br\/sites\/paralelo10\/wp-json\/wp\/v2\/posts\/1622\/revisions\/1624"}],"wp:attachment":[{"href":"https:\/\/ultimato.com.br\/sites\/paralelo10\/wp-json\/wp\/v2\/media?parent=1622"}],"wp:term":[{"taxonomy":"category","embeddable":true,"href":"https:\/\/ultimato.com.br\/sites\/paralelo10\/wp-json\/wp\/v2\/categories?post=1622"},{"taxonomy":"post_tag","embeddable":true,"href":"https:\/\/ultimato.com.br\/sites\/paralelo10\/wp-json\/wp\/v2\/tags?post=1622"}],"curies":[{"name":"wp","href":"https:\/\/api.w.org\/{rel}","templated":true}]}}