{"id":1602,"date":"2011-07-04T17:27:04","date_gmt":"2011-07-04T20:27:04","guid":{"rendered":"http:\/\/ultimato.com.br\/sites\/paralelo10\/?p=1602"},"modified":"2011-07-04T17:27:21","modified_gmt":"2011-07-04T20:27:21","slug":"sobre-as-condicoes-dos-povos-indigenas-no-pais","status":"publish","type":"post","link":"https:\/\/ultimato.com.br\/sites\/paralelo10\/2011\/07\/sobre-as-condicoes-dos-povos-indigenas-no-pais\/","title":{"rendered":"Sobre as condi\u00e7\u00f5es dos povos ind\u00edgenas no pa\u00eds"},"content":{"rendered":"<p><a href=\"http:\/\/ultimato.com.br\/sites\/paralelo10\/files\/2011\/07\/04_07_paralelo10_cimi.jpg\" class=\"lightview\" data-lightview-group=\"group-1602\" data-lightview-options=\"skin: 'dark', controls: 'relative', padding: '10', shadow: { color: '#000000', opacity: 0.08, blur: 3 }\" data-lightview-title=\"04_07_paralelo10_cimi\"><img loading=\"lazy\" decoding=\"async\" class=\"size-medium wp-image-1603 alignright\" title=\"04_07_paralelo10_cimi\" src=\"http:\/\/ultimato.com.br\/sites\/paralelo10\/files\/2011\/07\/04_07_paralelo10_cimi-300x199.jpg\" alt=\"\" width=\"300\" height=\"199\" srcset=\"https:\/\/ultimato.com.br\/sites\/paralelo10\/files\/2011\/07\/04_07_paralelo10_cimi-300x199.jpg 300w, https:\/\/ultimato.com.br\/sites\/paralelo10\/files\/2011\/07\/04_07_paralelo10_cimi-150x99.jpg 150w, https:\/\/ultimato.com.br\/sites\/paralelo10\/files\/2011\/07\/04_07_paralelo10_cimi.jpg 555w\" sizes=\"auto, (max-width: 300px) 100vw, 300px\" \/><\/a><\/p>\n<p><strong>Conselho Indigenista Mission\u00e1rio da CNBB lan\u00e7a relat\u00f3rio alarmante sobre condi\u00e7\u00f5es dos povos ind\u00edgenas no pa\u00eds<\/strong><\/p>\n<p>(<a href=\"http:\/\/www.cnbb.org.br\/site\/imprensa\/noticias\/6953-conselho-indigenista-missionario-lanca-relatorio-alarmante-sobre-condicoes-dos-povos-indigenas-no-pais-\" target=\"_blank\">CNBB<\/a>) Foi lan\u00e7ado na tarde do \u00faltimo dia 30, no audit\u00f3rio da Confer\u00eancia Nacional dos Bispos do Brasil (CNBB), em Bras\u00edlia, o relat\u00f3rio &#8220;Viol\u00eancia contra os Povos Ind\u00edgenas no Brasil&#8221; referente ao ano de 2010. O relat\u00f3rio \u00e9 produzido anualmente pelo Conselho Indigenista Mission\u00e1rio (Cimi), organismo vinculado \u00e0 CNBB, que trata da causa ind\u00edgena no pa\u00eds, que neste ano trouxe dados alarmantes sobre a realidade dos povos ind\u00edgenas no pa\u00eds.<!--more--><\/p>\n<p>O secret\u00e1rio geral da CNBB, dom Leonardo Urich Steiner agradeceu a escolha do Cimi por lan\u00e7ar o material na CNBB, pois, segundo o bispo, &#8220;a Confer\u00eancia dos Bispos \u00e9 uma casa democr\u00e1tica que luta pelo ideal e o bem estar de todos, inclusive dos irm\u00e3os ind\u00edgenas&#8221;.<\/p>\n<p>&#8220;Nossos irm\u00e3os ind\u00edgenas merecem todo o nosso respeito e admira\u00e7\u00e3o. Eles s\u00e3o os povos origin\u00e1rios dessas terras. N\u00f3s somos os \u2018invasores&#8217;, n\u00e3o eles. Venho do Mato Grosso (diocese de S\u00e3o Felix do Araguaia) e \u00e9 inadmiss\u00edvel que ind\u00edgenas sejam descartados ou exclu\u00eddos de nossa sociedade como fazem nos dias atuais, por isso sempre lutaremos e apoiaremos o Cimi e a causa ind\u00edgena desse pa\u00eds&#8221;, ressaltou dom Leonardo.<\/p>\n<p>O presidente do Cimi e bispo da Prelazia do Xingu (PA), dom Erwin Krautler destacou o &#8220;triste&#8221; cen\u00e1rio em que vivem os ind\u00edgenas no Brasil. Segundo o bispo, s\u00f3 no Mato Grosso (MT), de 100 nascimentos de crian\u00e7as ind\u00edgenas, 60 morrem antes de completar um ano de vida, e a causa dessas mortes s\u00e3o, em sua totalidade, doen\u00e7as cur\u00e1veis e &#8220;at\u00e9 mesmo banais&#8221;, como diarr\u00e9ia, subnutri\u00e7\u00e3o ou doen\u00e7as respirat\u00f3rias. &#8220;O que mais choca \u00e9 a falta de comprometimento e de interesse dos governantes, que entra ano, sai ano, n\u00e3o tomam nenhuma atitude para amenizar o sofrimento dos \u00edndios. Crian\u00e7as morrem por falta de medicamentos b\u00e1sicos. Os idosos nem atendimento conseguem nos postos de sa\u00fade. Cad\u00ea os Direitos Humanos, que o Brasil teima em dizer que faz parte?&#8221;, questionou.<\/p>\n<p>A antrop\u00f3loga e coordenadora da pesquisa, L\u00facia Helena Rangel apresentou os n\u00fameros referentes a 2010. Ela afirma que os dados s\u00e3o assustadores. No ano passado 60 ind\u00edgenas foram assassinados (dado que se repete pelo 3\u00ba ano consecutivo) e outros 152 amea\u00e7ados de morte. Foram registrados 33 casos de invas\u00f5es possess\u00f3rias e explora\u00e7\u00e3o ilegal de recursos naturais dispon\u00edveis em terras ind\u00edgenas.<\/p>\n<p>&#8220;O Mato Grosso do Sul \u00e9 campe\u00e3o com 34 casos, o que representa 56% do total. O estado possui a segunda maior popula\u00e7\u00e3o ind\u00edgena do pa\u00eds&#8221;, disse a antrop\u00f3loga.<\/p>\n<p>Ainda de acordo com o relat\u00f3rio do Cimi, os \u00edndices de mortalidade infantil aumentaram 513% se comparados a 2009, quando foram registrados 15 casos, com 15 v\u00edtimas. Dados revelam que de 11 anos para c\u00e1, 210 crian\u00e7as menores de 10 anos morreram no Vale do Javari (AM). Uma propor\u00e7\u00e3o de mais de 100 mortes para cada mil nascidos vivos, \u00edndice cinco vezes maior que a m\u00e9dia nacional, que n\u00e3o chega a 23.<\/p>\n<p>Nos estados do Sul do Brasil (Paran\u00e1, Santa Catarina e Rio Grande do Sul) foi constatado pela pesquisa do Cimi que h\u00e1 popula\u00e7\u00f5es ind\u00edgenas vivendo em beira de estrada, de rodovias h\u00e1 pelo menos 10 anos, sem que haja alguma modifica\u00e7\u00e3o, por parte dos estados, da forma de vida desses povos. &#8220;Os agricultores, por sua vez, pressionam esses ind\u00edgenas de beira de estrada. O poder policial tamb\u00e9m, ent\u00e3o o n\u00famero de conflitos com essas comunidades tradicionais \u00e9 di\u00e1rio, causando um n\u00famero assustador de suic\u00eddio, de assassinatos e de pris\u00f5es de \u00edndios no sul&#8221;, explicou L\u00facia.<\/p>\n<p>Ela sublinhou ainda como &#8220;grav\u00edssima&#8221; a situa\u00e7\u00e3o do Mato Grosso, considerado por ela o estado que mais derruba \u00e1reas de floresta, com uma &#8220;explos\u00e3o&#8221; nos n\u00fameros referentes ao desmatamento ambiental, afetando 100 \u00e1reas ind\u00edgenas e 20 \u00e1reas de prote\u00e7\u00e3o. E no Maranh\u00e3o, que, como quase n\u00e3o h\u00e1 mais \u00e1reas de florestas, as \u00fanicas est\u00e3o em bols\u00f5es demarcados ind\u00edgenas, ent\u00e3o o conflito por terras, madeiras e recursos naturais s\u00e3o corriqueiros.<\/p>\n<p>&#8220;Quase 100% das constru\u00e7\u00f5es de hidrel\u00e9tricas no Brasil, as \u00e1reas alagadas ou alag\u00e1veis, caso de Belo Monte, atingem \u00e1reas de reservas ind\u00edgenas. Este \u00e9 um dado. O outro dado \u00e9, com o debate sobre o novo C\u00f3digo Florestal, que tramita no Congresso Nacional, madeireiros de Mato Grosso, em busca da tal anistia prometida pelo governo, aos infratores, aumentou em 200% o n\u00famero de hectares derrubados no estado, algo que considero dantesco e lastim\u00e1vel&#8221;, disse a antrop\u00f3loga.<\/p>\n<p>Informa\u00e7\u00f5es sobre o relat\u00f3rio est\u00e3o dispon\u00edveis no site do <a href=\"www.cimi.org.br\" target=\"_blank\">Conselho Indigenista Mission\u00e1rio<\/a>.<\/p>\n","protected":false},"excerpt":{"rendered":"<p>Conselho Indigenista Mission\u00e1rio da CNBB lan\u00e7a relat\u00f3rio alarmante sobre condi\u00e7\u00f5es dos povos ind\u00edgenas no pa\u00eds (CNBB) Foi lan\u00e7ado na tarde do \u00faltimo dia 30, no audit\u00f3rio da Confer\u00eancia Nacional dos Bispos do Brasil (CNBB), em Bras\u00edlia, o relat\u00f3rio &#8220;Viol\u00eancia contra os Povos Ind\u00edgenas no Brasil&#8221; referente ao ano de 2010. O relat\u00f3rio \u00e9 produzido anualmente [&hellip;]<\/p>\n","protected":false},"author":2,"featured_media":0,"comment_status":"open","ping_status":"open","sticky":false,"template":"","format":"standard","meta":{"ngg_post_thumbnail":0,"footnotes":""},"categories":[7],"tags":[],"class_list":["post-1602","post","type-post","status-publish","format-standard","hentry","category-noticias"],"_links":{"self":[{"href":"https:\/\/ultimato.com.br\/sites\/paralelo10\/wp-json\/wp\/v2\/posts\/1602","targetHints":{"allow":["GET"]}}],"collection":[{"href":"https:\/\/ultimato.com.br\/sites\/paralelo10\/wp-json\/wp\/v2\/posts"}],"about":[{"href":"https:\/\/ultimato.com.br\/sites\/paralelo10\/wp-json\/wp\/v2\/types\/post"}],"author":[{"embeddable":true,"href":"https:\/\/ultimato.com.br\/sites\/paralelo10\/wp-json\/wp\/v2\/users\/2"}],"replies":[{"embeddable":true,"href":"https:\/\/ultimato.com.br\/sites\/paralelo10\/wp-json\/wp\/v2\/comments?post=1602"}],"version-history":[{"count":3,"href":"https:\/\/ultimato.com.br\/sites\/paralelo10\/wp-json\/wp\/v2\/posts\/1602\/revisions"}],"predecessor-version":[{"id":1605,"href":"https:\/\/ultimato.com.br\/sites\/paralelo10\/wp-json\/wp\/v2\/posts\/1602\/revisions\/1605"}],"wp:attachment":[{"href":"https:\/\/ultimato.com.br\/sites\/paralelo10\/wp-json\/wp\/v2\/media?parent=1602"}],"wp:term":[{"taxonomy":"category","embeddable":true,"href":"https:\/\/ultimato.com.br\/sites\/paralelo10\/wp-json\/wp\/v2\/categories?post=1602"},{"taxonomy":"post_tag","embeddable":true,"href":"https:\/\/ultimato.com.br\/sites\/paralelo10\/wp-json\/wp\/v2\/tags?post=1602"}],"curies":[{"name":"wp","href":"https:\/\/api.w.org\/{rel}","templated":true}]}}