{"id":1593,"date":"2011-06-27T18:22:56","date_gmt":"2011-06-27T21:22:56","guid":{"rendered":"http:\/\/ultimato.com.br\/sites\/paralelo10\/?p=1593"},"modified":"2011-07-08T10:44:33","modified_gmt":"2011-07-08T13:44:33","slug":"entre-indigenas","status":"publish","type":"post","link":"https:\/\/ultimato.com.br\/sites\/paralelo10\/2011\/06\/entre-indigenas\/","title":{"rendered":"Entre ind\u00edgenas"},"content":{"rendered":"<p><a href=\"http:\/\/ultimato.com.br\/sites\/paralelo10\/files\/2011\/06\/27_06_blogparal_MEIB.jpg\" class=\"lightview\" data-lightview-group=\"group-1593\" data-lightview-options=\"skin: 'dark', controls: 'relative', padding: '10', shadow: { color: '#000000', opacity: 0.08, blur: 3 }\" data-lightview-title=\"27_06_blogparal_MEIB\"><img loading=\"lazy\" decoding=\"async\" class=\"size-medium wp-image-1594 alignleft\" title=\"27_06_blogparal_MEIB\" src=\"http:\/\/ultimato.com.br\/sites\/paralelo10\/files\/2011\/06\/27_06_blogparal_MEIB-210x300.jpg\" alt=\"\" width=\"210\" height=\"300\" srcset=\"https:\/\/ultimato.com.br\/sites\/paralelo10\/files\/2011\/06\/27_06_blogparal_MEIB-210x300.jpg 210w, https:\/\/ultimato.com.br\/sites\/paralelo10\/files\/2011\/06\/27_06_blogparal_MEIB-105x150.jpg 105w, https:\/\/ultimato.com.br\/sites\/paralelo10\/files\/2011\/06\/27_06_blogparal_MEIB.jpg 350w\" sizes=\"auto, (max-width: 210px) 100vw, 210px\" \/><\/a>Voc\u00ea sabe o que \u00e9 a <a href=\"http:\/\/www.meib.com.br\/\" target=\"_blank\">MEIB<\/a>? Trata-se da <strong>Miss\u00e3o Evang\u00e9lica aos \u00ecndios do Brasil<\/strong>. O Congresso da MEIB ser\u00e1 realizado entre os dias 28 de junho a 3 de           julho, junto com a Confer\u00eancia Mission\u00e1ria, em Bras\u00edlia. Uma das decis\u00f5es que ser\u00e3o           tomadas no Congresso \u00e9 a elei\u00e7\u00e3o da nova diretoria da MEIB. Al\u00e9m disso ser\u00e1           um tempo de refrig\u00e9rio e restaura\u00e7\u00e3o para os mission\u00e1rios           atrav\u00e9s das devocionais trazidas e dos testemunhos expostos.<br \/>\nA Confer\u00eancia Mission\u00e1ria \u00e9 um evento realizado com o           objetivo de divulgar o trabalho desenvolvido,           bem como de ampliar a vis\u00e3o mission\u00e1ria das igrejas           envolvidas. O tema da Confer\u00eancia Mission\u00e1ria deste ano ser\u00e1           \u201cJuntos na Seara do Mestre\u201d e ser\u00e1 realizada em tr\u00eas igrejas da           regi\u00e3o: Igreja Presbiteriana Lago Norte, Igreja Crist\u00e3           Evang\u00e9lica do Gama e Igreja Crist\u00e3 Evang\u00e9lica da Ceil\u00e2ndia.<br \/>\nSegundo H\u00e9ber Negr\u00e3o, &#8220;para nos deslocarmos para Bras\u00edlia, alugamos um bom \u00f4nibus           e vamos viajar durante 36 horas at\u00e9 o nosso destino. Vamos sair daqui de           Bel\u00e9m dia 25 de junho e vamos parar em algumas cidades ao           longo do caminho para embarcar os mission\u00e1rios que est\u00e3o vindo           de suas regi\u00f5es&#8221;. \u00c9 muita anima\u00e7\u00e3o! Se voc\u00ea pode ir, n\u00e3o deixe de participar. E se n\u00e3o pode, apoie os irm\u00e3os em ora\u00e7\u00e3o.<\/p>\n","protected":false},"excerpt":{"rendered":"<p>Voc\u00ea sabe o que \u00e9 a MEIB? Trata-se da Miss\u00e3o Evang\u00e9lica aos \u00ecndios do Brasil. O Congresso da MEIB ser\u00e1 realizado entre os dias 28 de junho a 3 de julho, junto com a Confer\u00eancia Mission\u00e1ria, em Bras\u00edlia. Uma das decis\u00f5es que ser\u00e3o tomadas no Congresso \u00e9 a elei\u00e7\u00e3o da nova diretoria da MEIB. Al\u00e9m [&hellip;]<\/p>\n","protected":false},"author":2,"featured_media":0,"comment_status":"open","ping_status":"open","sticky":false,"template":"","format":"standard","meta":{"ngg_post_thumbnail":0,"footnotes":""},"categories":[1],"tags":[],"class_list":["post-1593","post","type-post","status-publish","format-standard","hentry","category-uncategorized"],"_links":{"self":[{"href":"https:\/\/ultimato.com.br\/sites\/paralelo10\/wp-json\/wp\/v2\/posts\/1593","targetHints":{"allow":["GET"]}}],"collection":[{"href":"https:\/\/ultimato.com.br\/sites\/paralelo10\/wp-json\/wp\/v2\/posts"}],"about":[{"href":"https:\/\/ultimato.com.br\/sites\/paralelo10\/wp-json\/wp\/v2\/types\/post"}],"author":[{"embeddable":true,"href":"https:\/\/ultimato.com.br\/sites\/paralelo10\/wp-json\/wp\/v2\/users\/2"}],"replies":[{"embeddable":true,"href":"https:\/\/ultimato.com.br\/sites\/paralelo10\/wp-json\/wp\/v2\/comments?post=1593"}],"version-history":[{"count":5,"href":"https:\/\/ultimato.com.br\/sites\/paralelo10\/wp-json\/wp\/v2\/posts\/1593\/revisions"}],"predecessor-version":[{"id":1625,"href":"https:\/\/ultimato.com.br\/sites\/paralelo10\/wp-json\/wp\/v2\/posts\/1593\/revisions\/1625"}],"wp:attachment":[{"href":"https:\/\/ultimato.com.br\/sites\/paralelo10\/wp-json\/wp\/v2\/media?parent=1593"}],"wp:term":[{"taxonomy":"category","embeddable":true,"href":"https:\/\/ultimato.com.br\/sites\/paralelo10\/wp-json\/wp\/v2\/categories?post=1593"},{"taxonomy":"post_tag","embeddable":true,"href":"https:\/\/ultimato.com.br\/sites\/paralelo10\/wp-json\/wp\/v2\/tags?post=1593"}],"curies":[{"name":"wp","href":"https:\/\/api.w.org\/{rel}","templated":true}]}}