{"id":1575,"date":"2011-06-20T09:21:21","date_gmt":"2011-06-20T12:21:21","guid":{"rendered":"http:\/\/ultimato.com.br\/sites\/paralelo10\/?p=1575"},"modified":"2011-06-20T09:32:18","modified_gmt":"2011-06-20T12:32:18","slug":"encontrao-no-feriado","status":"publish","type":"post","link":"https:\/\/ultimato.com.br\/sites\/paralelo10\/2011\/06\/encontrao-no-feriado\/","title":{"rendered":"Encontr\u00e3o no feriado"},"content":{"rendered":"<p style=\"text-align: center;\"><a href=\"http:\/\/ultimato.com.br\/sites\/paralelo10\/files\/2011\/06\/20_06_encontrao_bahia.jpg\" class=\"lightview\" data-lightview-group=\"group-1575\" data-lightview-options=\"skin: 'dark', controls: 'relative', padding: '10', shadow: { color: '#000000', opacity: 0.08, blur: 3 }\" data-lightview-title=\"20_06_encontrao_bahia\"><img loading=\"lazy\" decoding=\"async\" class=\"aligncenter size-full wp-image-1576\" title=\"20_06_encontrao_bahia\" src=\"http:\/\/ultimato.com.br\/sites\/paralelo10\/files\/2011\/06\/20_06_encontrao_bahia.jpg\" alt=\"\" width=\"598\" height=\"422\" srcset=\"https:\/\/ultimato.com.br\/sites\/paralelo10\/files\/2011\/06\/20_06_encontrao_bahia.jpg 1730w, https:\/\/ultimato.com.br\/sites\/paralelo10\/files\/2011\/06\/20_06_encontrao_bahia-300x212.jpg 300w, https:\/\/ultimato.com.br\/sites\/paralelo10\/files\/2011\/06\/20_06_encontrao_bahia-1024x723.jpg 1024w, https:\/\/ultimato.com.br\/sites\/paralelo10\/files\/2011\/06\/20_06_encontrao_bahia-150x106.jpg 150w\" sizes=\"auto, (max-width: 598px) 100vw, 598px\" \/><\/a><\/p>\n<p style=\"text-align: left;\">Fique ligado no <strong>8\u00ba Encontr\u00e3o do PROB<\/strong>: ele ser\u00e1 realizado na cidade de Luiz Eduardo Magalh\u00e3s entre os dias 23 a 26 de junho. O tema central \u00e9 <strong>Miss\u00e3o Integral &#8211; O Evangelho todo a Todos, <\/strong>com prele\u00e7\u00e3o do Pr Josenir Magalh\u00e3es (Zeze).<\/p>\n<p style=\"text-align: left;\">N\u00e3o deixe de participar!<\/p>\n","protected":false},"excerpt":{"rendered":"<p>Fique ligado no 8\u00ba Encontr\u00e3o do PROB: ele ser\u00e1 realizado na cidade de Luiz Eduardo Magalh\u00e3s entre os dias 23 a 26 de junho. O tema central \u00e9 Miss\u00e3o Integral &#8211; O Evangelho todo a Todos, com prele\u00e7\u00e3o do Pr Josenir Magalh\u00e3es (Zeze). N\u00e3o deixe de participar!<\/p>\n","protected":false},"author":2,"featured_media":0,"comment_status":"open","ping_status":"open","sticky":false,"template":"","format":"standard","meta":{"ngg_post_thumbnail":0,"footnotes":""},"categories":[1],"tags":[],"class_list":["post-1575","post","type-post","status-publish","format-standard","hentry","category-uncategorized"],"_links":{"self":[{"href":"https:\/\/ultimato.com.br\/sites\/paralelo10\/wp-json\/wp\/v2\/posts\/1575","targetHints":{"allow":["GET"]}}],"collection":[{"href":"https:\/\/ultimato.com.br\/sites\/paralelo10\/wp-json\/wp\/v2\/posts"}],"about":[{"href":"https:\/\/ultimato.com.br\/sites\/paralelo10\/wp-json\/wp\/v2\/types\/post"}],"author":[{"embeddable":true,"href":"https:\/\/ultimato.com.br\/sites\/paralelo10\/wp-json\/wp\/v2\/users\/2"}],"replies":[{"embeddable":true,"href":"https:\/\/ultimato.com.br\/sites\/paralelo10\/wp-json\/wp\/v2\/comments?post=1575"}],"version-history":[{"count":7,"href":"https:\/\/ultimato.com.br\/sites\/paralelo10\/wp-json\/wp\/v2\/posts\/1575\/revisions"}],"predecessor-version":[{"id":1583,"href":"https:\/\/ultimato.com.br\/sites\/paralelo10\/wp-json\/wp\/v2\/posts\/1575\/revisions\/1583"}],"wp:attachment":[{"href":"https:\/\/ultimato.com.br\/sites\/paralelo10\/wp-json\/wp\/v2\/media?parent=1575"}],"wp:term":[{"taxonomy":"category","embeddable":true,"href":"https:\/\/ultimato.com.br\/sites\/paralelo10\/wp-json\/wp\/v2\/categories?post=1575"},{"taxonomy":"post_tag","embeddable":true,"href":"https:\/\/ultimato.com.br\/sites\/paralelo10\/wp-json\/wp\/v2\/tags?post=1575"}],"curies":[{"name":"wp","href":"https:\/\/api.w.org\/{rel}","templated":true}]}}