{"id":1571,"date":"2011-06-17T15:08:07","date_gmt":"2011-06-17T18:08:07","guid":{"rendered":"http:\/\/ultimato.com.br\/sites\/paralelo10\/?p=1571"},"modified":"2011-06-17T15:09:54","modified_gmt":"2011-06-17T18:09:54","slug":"missao-entre-indigenas","status":"publish","type":"post","link":"https:\/\/ultimato.com.br\/sites\/paralelo10\/2011\/06\/missao-entre-indigenas\/","title":{"rendered":"Miss\u00e3o entre ind\u00edgenas"},"content":{"rendered":"<p>O Conselho Nacional de Pastores e L\u00edderes Evang\u00e9licos Ind\u00edgenas (<a href=\"http:\/\/www.conplei.org.br\/\" target=\"_blank\">Conplei<\/a>) convida pastores, l\u00edderes, emrpes\u00e1rios, profissionais liberais, alunos de Teologia, mission\u00e1rios e ind\u00edgenas para o <strong>1\u00ba Congresso de Planta\u00e7\u00e3o de Igreja em Contexto Tribal no Amazonas<\/strong>. As inscri\u00e7\u00f5es podem ser feitas at\u00e9 o dia 31 de julho. O encontro acontecer\u00e1 entre 19 e 21 de agosto em Manaus, capital amazonense, com prele\u00e7\u00e3o oficial de Ronaldo Lid\u00f3rio, pastor presbiteriano e mission\u00e1rio transcultural da AMEM.<\/p>\n<p style=\"text-align: center;\"><a href=\"http:\/\/www.conplei.org.br\/userfiles\/Cartaz%20PL__(1).jpg\"><img loading=\"lazy\" decoding=\"async\" class=\"aligncenter\" src=\"http:\/\/www.conplei.org.br\/userfiles\/Cartaz%20PL__(1).jpg\" alt=\"\" width=\"306\" height=\"436\" \/><\/a><\/p>\n<p>Quer conhecer a programa\u00e7\u00e3o? Clique <a href=\"\/file\/arquivos\/1%20Congresso%20Plan%20Ig%20Cont%20Tribal%20e%20Ribeirinhos1.pdf\" target=\"_blank\">aqui<\/a> para ter acesso ao folheto oficial do evento!<\/p>\n","protected":false},"excerpt":{"rendered":"<p>O Conselho Nacional de Pastores e L\u00edderes Evang\u00e9licos Ind\u00edgenas (Conplei) convida pastores, l\u00edderes, emrpes\u00e1rios, profissionais liberais, alunos de Teologia, mission\u00e1rios e ind\u00edgenas para o 1\u00ba Congresso de Planta\u00e7\u00e3o de Igreja em Contexto Tribal no Amazonas. As inscri\u00e7\u00f5es podem ser feitas at\u00e9 o dia 31 de julho. O encontro acontecer\u00e1 entre 19 e 21 de agosto [&hellip;]<\/p>\n","protected":false},"author":2,"featured_media":0,"comment_status":"open","ping_status":"open","sticky":false,"template":"","format":"standard","meta":{"ngg_post_thumbnail":0,"footnotes":""},"categories":[1],"tags":[],"class_list":["post-1571","post","type-post","status-publish","format-standard","hentry","category-uncategorized"],"_links":{"self":[{"href":"https:\/\/ultimato.com.br\/sites\/paralelo10\/wp-json\/wp\/v2\/posts\/1571","targetHints":{"allow":["GET"]}}],"collection":[{"href":"https:\/\/ultimato.com.br\/sites\/paralelo10\/wp-json\/wp\/v2\/posts"}],"about":[{"href":"https:\/\/ultimato.com.br\/sites\/paralelo10\/wp-json\/wp\/v2\/types\/post"}],"author":[{"embeddable":true,"href":"https:\/\/ultimato.com.br\/sites\/paralelo10\/wp-json\/wp\/v2\/users\/2"}],"replies":[{"embeddable":true,"href":"https:\/\/ultimato.com.br\/sites\/paralelo10\/wp-json\/wp\/v2\/comments?post=1571"}],"version-history":[{"count":2,"href":"https:\/\/ultimato.com.br\/sites\/paralelo10\/wp-json\/wp\/v2\/posts\/1571\/revisions"}],"predecessor-version":[{"id":1573,"href":"https:\/\/ultimato.com.br\/sites\/paralelo10\/wp-json\/wp\/v2\/posts\/1571\/revisions\/1573"}],"wp:attachment":[{"href":"https:\/\/ultimato.com.br\/sites\/paralelo10\/wp-json\/wp\/v2\/media?parent=1571"}],"wp:term":[{"taxonomy":"category","embeddable":true,"href":"https:\/\/ultimato.com.br\/sites\/paralelo10\/wp-json\/wp\/v2\/categories?post=1571"},{"taxonomy":"post_tag","embeddable":true,"href":"https:\/\/ultimato.com.br\/sites\/paralelo10\/wp-json\/wp\/v2\/tags?post=1571"}],"curies":[{"name":"wp","href":"https:\/\/api.w.org\/{rel}","templated":true}]}}