{"id":1562,"date":"2011-06-10T11:31:11","date_gmt":"2011-06-10T14:31:11","guid":{"rendered":"http:\/\/ultimato.com.br\/sites\/paralelo10\/?p=1562"},"modified":"2011-06-10T11:31:11","modified_gmt":"2011-06-10T14:31:11","slug":"em-rede-renas-amazonas","status":"publish","type":"post","link":"https:\/\/ultimato.com.br\/sites\/paralelo10\/2011\/06\/em-rede-renas-amazonas\/","title":{"rendered":"Em rede&#8230; RENAS Amazonas"},"content":{"rendered":"<p><a href=\"http:\/\/ultimato.com.br\/sites\/paralelo10\/files\/2011\/06\/Foto-5.jpg\" class=\"lightview\" data-lightview-group=\"group-1562\" data-lightview-options=\"skin: 'dark', controls: 'relative', padding: '10', shadow: { color: '#000000', opacity: 0.08, blur: 3 }\" data-lightview-title=\"Foto--5\"><img loading=\"lazy\" decoding=\"async\" class=\"aligncenter size-full wp-image-1564\" title=\"Foto--5\" src=\"http:\/\/ultimato.com.br\/sites\/paralelo10\/files\/2011\/06\/Foto-5.jpg\" alt=\"\" width=\"320\" height=\"240\" srcset=\"https:\/\/ultimato.com.br\/sites\/paralelo10\/files\/2011\/06\/Foto-5.jpg 320w, https:\/\/ultimato.com.br\/sites\/paralelo10\/files\/2011\/06\/Foto-5-300x225.jpg 300w, https:\/\/ultimato.com.br\/sites\/paralelo10\/files\/2011\/06\/Foto-5-150x112.jpg 150w\" sizes=\"auto, (max-width: 320px) 100vw, 320px\" \/><\/a><\/p>\n<p>Conheci a Rede Evang\u00e9lica Nacional de A\u00e7\u00e3o Social (RENAS) em 2009, quando, gra\u00e7as ao patroc\u00ednio do <strong>Paralelo 10<\/strong>, eu e minha esposa estivemos no Rio de Janeiro participando do encontro nacional da mesma. No entanto, somente no dia 08 de junho, ou seja, dois anos depois, \u00e9 que tive o prazer de participar de uma reuni\u00e3o da RENAS \u2013 Amazonas.<\/p>\n<p>A <em>Rede<\/em> estava reunida na <em>Casa Ninho<\/em>, que \u00e9 uma base de Asas de Socorro aqui em Manaus. Quando cheguei l\u00e1 todos estavam orando e logo ap\u00f3s cada um passou a apresentar-se  e discorrer um pouco do trabalho que est\u00e1 realizando.<!--more--><\/p>\n<p>Fiquei imensamente alegre em saber a quantidade de organiza\u00e7\u00f5es, igrejas e entidades representas ali, mais ou menos doze, algo impens\u00e1vel em 2009 quando somente a Magaly Arruda (presidente da rede no Amazonas) estava envolvida com RENAS na regi\u00e3o norte.<\/p>\n<p>Essa alegria aumentou ao notar a diversidade de tipos de trabalho realizados por cada um dos presentes, pois uns trabalham com crian\u00e7as em situa\u00e7\u00e3o de risco, outros com assist\u00eancia a povos ind\u00edgenas, outros com ribeirinhos, outros com moradores de rua, e assim por diante. Esse panorama dos trabalhos realizados me fez pensar na abrang\u00eancia que poder\u00e1 vir a ter as a\u00e7\u00f5es da rede no Amazonas quando mais igrejas, entidades e ONGs se juntarem a n\u00f3s.<\/p>\n<p><a href=\"http:\/\/ultimato.com.br\/sites\/paralelo10\/files\/2011\/06\/Foto-1.jpg\" class=\"lightview\" data-lightview-group=\"group-1562\" data-lightview-options=\"skin: 'dark', controls: 'relative', padding: '10', shadow: { color: '#000000', opacity: 0.08, blur: 3 }\" data-lightview-title=\"Foto--1\"><img loading=\"lazy\" decoding=\"async\" class=\"aligncenter size-full wp-image-1565\" title=\"Foto--1\" src=\"http:\/\/ultimato.com.br\/sites\/paralelo10\/files\/2011\/06\/Foto-1.jpg\" alt=\"\" width=\"320\" height=\"240\" srcset=\"https:\/\/ultimato.com.br\/sites\/paralelo10\/files\/2011\/06\/Foto-1.jpg 320w, https:\/\/ultimato.com.br\/sites\/paralelo10\/files\/2011\/06\/Foto-1-300x225.jpg 300w, https:\/\/ultimato.com.br\/sites\/paralelo10\/files\/2011\/06\/Foto-1-150x112.jpg 150w\" sizes=\"auto, (max-width: 320px) 100vw, 320px\" \/><\/a><\/p>\n<p>Quando me foi dada a oportunidade para apresentar-me aproveitei para falar um pouco do trabalho desenvolvido pelo projeto <strong>Paralelo 10<\/strong> na regi\u00f5es norte e nordeste e da vontade que temos em buscar divulgar as iniciativas no \u00e2mbito da miss\u00e3o integral, bem como a cria\u00e7\u00e3o de grupos estudos sobre miss\u00e3o integral com o fim de fomentar o conhecimento mais profundo da mesma.<\/p>\n<p>Ap\u00f3s todos terem se apresentando foi a vez da mission\u00e1ria Cathrim realizar uma pequena apresenta\u00e7\u00e3o a respeito das ideias basilares da RENAS e logo em seguida passar a dirigir uma din\u00e2mica que nos ajudou a internalizar qual a atitude esperada daqueles que fazem parte da RENAS.<\/p>\n<p>Quando a din\u00e2mica terminou foi que me dei conta de que j\u00e1 est\u00e1vamos reunidos a mais de duas horas e nem percebemos o tempo passar, pois n\u00e3o est\u00e1vamos cansados, entediados ou algo assim, o que em minha opini\u00e3o \u00e9 algo indispens\u00e1vel em se tratando de um grupo com pessoas t\u00e3o diversas mais que desejam caminhar juntas.<\/p>\n<p><a href=\"http:\/\/ultimato.com.br\/sites\/paralelo10\/files\/2011\/06\/Foto-2.jpg\" class=\"lightview\" data-lightview-group=\"group-1562\" data-lightview-options=\"skin: 'dark', controls: 'relative', padding: '10', shadow: { color: '#000000', opacity: 0.08, blur: 3 }\" data-lightview-title=\"Foto--2\"><img loading=\"lazy\" decoding=\"async\" class=\"aligncenter size-full wp-image-1566\" title=\"Foto--2\" src=\"http:\/\/ultimato.com.br\/sites\/paralelo10\/files\/2011\/06\/Foto-2.jpg\" alt=\"\" width=\"320\" height=\"240\" srcset=\"https:\/\/ultimato.com.br\/sites\/paralelo10\/files\/2011\/06\/Foto-2.jpg 320w, https:\/\/ultimato.com.br\/sites\/paralelo10\/files\/2011\/06\/Foto-2-300x225.jpg 300w, https:\/\/ultimato.com.br\/sites\/paralelo10\/files\/2011\/06\/Foto-2-150x112.jpg 150w\" sizes=\"auto, (max-width: 320px) 100vw, 320px\" \/><\/a><\/p>\n<p>Al\u00e9m do prazer de pela primeira vez estar reunido com os participantes da RENAS &#8211; Amazonas, tamb\u00e9m tive o prazer de levar comigo o Saulo, um amigo que est\u00e1 come\u00e7ando a caminhada dele em um minist\u00e9rio de a\u00e7\u00e3o social. Em um determinado momento, enquanto as demais pessoas estavam apresentando-se e falando um pouco do trabalho que desenvolvem ele me chama de lado e me confessa: \u201c\u00e9 t\u00e3o bom estar no meio de pessoas que falam e pensam como a gente, n\u00e9?\u201d.<\/p>\n<p>Puxa!Isso mexeu comigo, por se exatamente essa sensa\u00e7\u00e3o de \u201cestar em casa\u201d que eu creio que a RENAS deseja proporcionar aos seus participantes, pois s\u00f3 em um ambiente assim \u00e9 que a coopera\u00e7\u00e3o e o cuidado mutuo s\u00e3o estabelecidos e \u00e9 assim que os cuidadores encontram um lugar para serem cuidados e amparados em suas necessidades e debilidades.<\/p>\n<p style=\"text-align: center;\"><a href=\"http:\/\/ultimato.com.br\/sites\/paralelo10\/files\/2011\/06\/Foto-3.jpg\" class=\"lightview\" data-lightview-group=\"group-1562\" data-lightview-options=\"skin: 'dark', controls: 'relative', padding: '10', shadow: { color: '#000000', opacity: 0.08, blur: 3 }\" data-lightview-title=\"Foto--3\"><img loading=\"lazy\" decoding=\"async\" class=\"aligncenter size-full wp-image-1568\" title=\"Foto--3\" src=\"http:\/\/ultimato.com.br\/sites\/paralelo10\/files\/2011\/06\/Foto-3.jpg\" alt=\"\" width=\"320\" height=\"240\" srcset=\"https:\/\/ultimato.com.br\/sites\/paralelo10\/files\/2011\/06\/Foto-3.jpg 320w, https:\/\/ultimato.com.br\/sites\/paralelo10\/files\/2011\/06\/Foto-3-300x225.jpg 300w, https:\/\/ultimato.com.br\/sites\/paralelo10\/files\/2011\/06\/Foto-3-150x112.jpg 150w\" sizes=\"auto, (max-width: 320px) 100vw, 320px\" \/><\/a><\/p>\n<p>Minha ora\u00e7\u00e3o \u00e9 que a RENAS \u2013 Amazonas se fortale\u00e7a cada vez mais e que a unidade de pensamento, desejo e dire\u00e7\u00e3o permeie as a\u00e7\u00f5es e relacionamentos que surgirem no \u00e2mbito da mesma.<\/p>\n<p>Manaus 08 de Junho de 2011<\/p>\n<p><strong>Elton de Paiva Bessa Filho<\/strong> \u00e9 casado com Zeny, eles moram em Manaus. Ambos fizeram o curso de Miss\u00e3o Integral (2009-2010) no Centro Evang\u00e9lico de Miss\u00f5es, CEM, em Vi\u00e7osa, MG, como bolsistas do <strong>Paralelo 10<\/strong>.<\/p>\n","protected":false},"excerpt":{"rendered":"<p>Conheci a Rede Evang\u00e9lica Nacional de A\u00e7\u00e3o Social (RENAS) em 2009, quando, gra\u00e7as ao patroc\u00ednio do Paralelo 10, eu e minha esposa estivemos no Rio de Janeiro participando do encontro nacional da mesma. No entanto, somente no dia 08 de junho, ou seja, dois anos depois, \u00e9 que tive o prazer de participar de uma [&hellip;]<\/p>\n","protected":false},"author":2,"featured_media":0,"comment_status":"open","ping_status":"open","sticky":false,"template":"","format":"standard","meta":{"ngg_post_thumbnail":0,"footnotes":""},"categories":[7],"tags":[],"class_list":["post-1562","post","type-post","status-publish","format-standard","hentry","category-noticias"],"_links":{"self":[{"href":"https:\/\/ultimato.com.br\/sites\/paralelo10\/wp-json\/wp\/v2\/posts\/1562","targetHints":{"allow":["GET"]}}],"collection":[{"href":"https:\/\/ultimato.com.br\/sites\/paralelo10\/wp-json\/wp\/v2\/posts"}],"about":[{"href":"https:\/\/ultimato.com.br\/sites\/paralelo10\/wp-json\/wp\/v2\/types\/post"}],"author":[{"embeddable":true,"href":"https:\/\/ultimato.com.br\/sites\/paralelo10\/wp-json\/wp\/v2\/users\/2"}],"replies":[{"embeddable":true,"href":"https:\/\/ultimato.com.br\/sites\/paralelo10\/wp-json\/wp\/v2\/comments?post=1562"}],"version-history":[{"count":3,"href":"https:\/\/ultimato.com.br\/sites\/paralelo10\/wp-json\/wp\/v2\/posts\/1562\/revisions"}],"predecessor-version":[{"id":1570,"href":"https:\/\/ultimato.com.br\/sites\/paralelo10\/wp-json\/wp\/v2\/posts\/1562\/revisions\/1570"}],"wp:attachment":[{"href":"https:\/\/ultimato.com.br\/sites\/paralelo10\/wp-json\/wp\/v2\/media?parent=1562"}],"wp:term":[{"taxonomy":"category","embeddable":true,"href":"https:\/\/ultimato.com.br\/sites\/paralelo10\/wp-json\/wp\/v2\/categories?post=1562"},{"taxonomy":"post_tag","embeddable":true,"href":"https:\/\/ultimato.com.br\/sites\/paralelo10\/wp-json\/wp\/v2\/tags?post=1562"}],"curies":[{"name":"wp","href":"https:\/\/api.w.org\/{rel}","templated":true}]}}