{"id":1534,"date":"2011-05-25T16:54:22","date_gmt":"2011-05-25T19:54:22","guid":{"rendered":"http:\/\/ultimato.com.br\/sites\/paralelo10\/?p=1534"},"modified":"2011-05-25T16:54:22","modified_gmt":"2011-05-25T19:54:22","slug":"festanca-3-anos-do-paralelo-10","status":"publish","type":"post","link":"https:\/\/ultimato.com.br\/sites\/paralelo10\/2011\/05\/festanca-3-anos-do-paralelo-10\/","title":{"rendered":"Festan\u00e7a&#8230; 3 anos do Paralelo 10"},"content":{"rendered":"<p><a href=\"http:\/\/ultimato.com.br\/sites\/paralelo10\/files\/2011\/05\/DSC_0333.jpg\" class=\"lightview\" data-lightview-group=\"group-1534\" data-lightview-options=\"skin: 'dark', controls: 'relative', padding: '10', shadow: { color: '#000000', opacity: 0.08, blur: 3 }\" data-lightview-title=\"DSC_0333\"><img loading=\"lazy\" decoding=\"async\" class=\"alignleft size-full wp-image-1535\" title=\"DSC_0333\" src=\"http:\/\/ultimato.com.br\/sites\/paralelo10\/files\/2011\/05\/DSC_0333.jpg\" alt=\"\" width=\"320\" height=\"215\" srcset=\"https:\/\/ultimato.com.br\/sites\/paralelo10\/files\/2011\/05\/DSC_0333.jpg 320w, https:\/\/ultimato.com.br\/sites\/paralelo10\/files\/2011\/05\/DSC_0333-300x201.jpg 300w, https:\/\/ultimato.com.br\/sites\/paralelo10\/files\/2011\/05\/DSC_0333-150x100.jpg 150w\" sizes=\"auto, (max-width: 320px) 100vw, 320px\" \/><\/a>O tradicional caf\u00e9 da Editora Ultimato hoje foi ainda mais especial, comemoramos o anivers\u00e1rio do Paralelo 10. Tr\u00eas anos \u00e9 pouca idade, mas muita coisa boa j\u00e1 foi feita por este projeto.<\/p>\n<p>Toda a equipe Ultimato estava reunida. Estavam tamb\u00e9m alguns membros da equipe do CEM, entre eles, Tonica, grande apoiadora do projeto desde o in\u00edcio. Juntos nos deliciamos com um caldo de mandioca e cuscuz. Uma maravilha! <!--more-->Tivemos tamb\u00e9m um tempo de ora\u00e7\u00e3o agradecendo a Deus pelo anivers\u00e1rio do projeto e por todas as b\u00ean\u00e7\u00e3os concedidas at\u00e9 ent\u00e3o. Al\u00e9m disso, oramos pelo futuro do projeto e pelas pessoas que ainda participar\u00e3o das iniciativas.<\/p>\n<p>O Paralelo 10 tem alcan\u00e7ado quase 2 mil l\u00edderes com a revista Ultimato, de forma gratuita. Al\u00e9m disto, tem oferecido aqui no blog diversos conte\u00fados com o objetivo de evidenciar a Igreja do Norte e Nordeste, al\u00e9m de promover integra\u00e7\u00e3o entre as regi\u00f5es brasileiras.<\/p>\n<p>Quando estamos longe acabamos n\u00e3o percebendo o que de fato significa alcan\u00e7ar l\u00edderes em lugares distantes do Norte e Nordeste. Mas quando recebemos seus depoimentos e pedidos de ora\u00e7\u00e3o vemos o quanto alguns textos podem ser encorajadores. Leia abaixo o testemunho do mission\u00e1rio Josias:<\/p>\n<blockquote><p>voc\u00eas n\u00e3o imaginam o bem que as revistas nos fazem. Principalmente a n\u00f3s que moramos distante da capital, onde n\u00e3o h\u00e1 quase nada de informa\u00e7\u00e3o. Temos aprendido muito como pessoas e como crist\u00e3os.<\/p>\n<p>Ficamos radiantes de alegria quando recebemos as revistas. Elas nos fazem grande bem. N\u00e3o somente a mim, mas a toda a minha comunidade.<\/p>\n<p>Um forte abra\u00e7o!<\/p>\n<p>Josias da Luz Carvalho, de Santa Helena, MA<\/p><\/blockquote>\n<p>Gostar\u00edamos de deixar nosso agradecimento a todos os amigos e apoiadores deste projeto. Contamos com as ora\u00e7\u00f5es e ainda mais apoio de todos voc\u00eas.<\/p>\n<p>Um abra\u00e7o!<\/p>\n<p><em>Ivny Monteiro<\/em> (coordenadora do Paralelo10)<\/p>\n<p><a href=\"http:\/\/ultimato.com.br\/sites\/paralelo10\/files\/2011\/05\/DSC_0337.jpg\" class=\"lightview\" data-lightview-group=\"group-1534\" data-lightview-options=\"skin: 'dark', controls: 'relative', padding: '10', shadow: { color: '#000000', opacity: 0.08, blur: 3 }\" data-lightview-title=\"DSC_0337\"><img loading=\"lazy\" decoding=\"async\" class=\"aligncenter size-full wp-image-1536\" title=\"DSC_0337\" src=\"http:\/\/ultimato.com.br\/sites\/paralelo10\/files\/2011\/05\/DSC_0337.jpg\" alt=\"\" width=\"320\" height=\"215\" srcset=\"https:\/\/ultimato.com.br\/sites\/paralelo10\/files\/2011\/05\/DSC_0337.jpg 320w, https:\/\/ultimato.com.br\/sites\/paralelo10\/files\/2011\/05\/DSC_0337-300x201.jpg 300w, https:\/\/ultimato.com.br\/sites\/paralelo10\/files\/2011\/05\/DSC_0337-150x100.jpg 150w\" sizes=\"auto, (max-width: 320px) 100vw, 320px\" \/><\/a><\/p>\n<p><a href=\"http:\/\/ultimato.com.br\/sites\/paralelo10\/files\/2011\/05\/DSC_0326.jpg\" class=\"lightview\" data-lightview-group=\"group-1534\" data-lightview-options=\"skin: 'dark', controls: 'relative', padding: '10', shadow: { color: '#000000', opacity: 0.08, blur: 3 }\" data-lightview-title=\"DSC_0326\"><img loading=\"lazy\" decoding=\"async\" class=\"aligncenter size-full wp-image-1537\" title=\"DSC_0326\" src=\"http:\/\/ultimato.com.br\/sites\/paralelo10\/files\/2011\/05\/DSC_0326.jpg\" alt=\"\" width=\"215\" height=\"320\" srcset=\"https:\/\/ultimato.com.br\/sites\/paralelo10\/files\/2011\/05\/DSC_0326.jpg 215w, https:\/\/ultimato.com.br\/sites\/paralelo10\/files\/2011\/05\/DSC_0326-201x300.jpg 201w, https:\/\/ultimato.com.br\/sites\/paralelo10\/files\/2011\/05\/DSC_0326-100x150.jpg 100w\" sizes=\"auto, (max-width: 215px) 100vw, 215px\" \/><\/a><\/p>\n<p><a href=\"http:\/\/ultimato.com.br\/sites\/paralelo10\/files\/2011\/05\/DSC_0340.jpg\" class=\"lightview\" data-lightview-group=\"group-1534\" data-lightview-options=\"skin: 'dark', controls: 'relative', padding: '10', shadow: { color: '#000000', opacity: 0.08, blur: 3 }\" data-lightview-title=\"DSC_0340\"><img loading=\"lazy\" decoding=\"async\" class=\"aligncenter size-full wp-image-1538\" title=\"DSC_0340\" src=\"http:\/\/ultimato.com.br\/sites\/paralelo10\/files\/2011\/05\/DSC_0340.jpg\" alt=\"\" width=\"320\" height=\"215\" srcset=\"https:\/\/ultimato.com.br\/sites\/paralelo10\/files\/2011\/05\/DSC_0340.jpg 320w, https:\/\/ultimato.com.br\/sites\/paralelo10\/files\/2011\/05\/DSC_0340-300x201.jpg 300w, https:\/\/ultimato.com.br\/sites\/paralelo10\/files\/2011\/05\/DSC_0340-150x100.jpg 150w\" sizes=\"auto, (max-width: 320px) 100vw, 320px\" \/><\/a><\/p>\n<p><a href=\"http:\/\/ultimato.com.br\/sites\/paralelo10\/files\/2011\/05\/DSC_0331.jpg\" class=\"lightview\" data-lightview-group=\"group-1534\" data-lightview-options=\"skin: 'dark', controls: 'relative', padding: '10', shadow: { color: '#000000', opacity: 0.08, blur: 3 }\" data-lightview-title=\"DSC_0331\"><img loading=\"lazy\" decoding=\"async\" class=\"aligncenter size-full wp-image-1539\" title=\"DSC_0331\" src=\"http:\/\/ultimato.com.br\/sites\/paralelo10\/files\/2011\/05\/DSC_0331.jpg\" alt=\"\" width=\"215\" height=\"320\" srcset=\"https:\/\/ultimato.com.br\/sites\/paralelo10\/files\/2011\/05\/DSC_0331.jpg 215w, https:\/\/ultimato.com.br\/sites\/paralelo10\/files\/2011\/05\/DSC_0331-201x300.jpg 201w, https:\/\/ultimato.com.br\/sites\/paralelo10\/files\/2011\/05\/DSC_0331-100x150.jpg 100w\" sizes=\"auto, (max-width: 215px) 100vw, 215px\" \/><\/a><\/p>\n","protected":false},"excerpt":{"rendered":"<p>O tradicional caf\u00e9 da Editora Ultimato hoje foi ainda mais especial, comemoramos o anivers\u00e1rio do Paralelo 10. Tr\u00eas anos \u00e9 pouca idade, mas muita coisa boa j\u00e1 foi feita por este projeto. Toda a equipe Ultimato estava reunida. Estavam tamb\u00e9m alguns membros da equipe do CEM, entre eles, Tonica, grande apoiadora do projeto desde o [&hellip;]<\/p>\n","protected":false},"author":2,"featured_media":0,"comment_status":"open","ping_status":"open","sticky":false,"template":"","format":"standard","meta":{"ngg_post_thumbnail":0,"footnotes":""},"categories":[7],"tags":[],"class_list":["post-1534","post","type-post","status-publish","format-standard","hentry","category-noticias"],"_links":{"self":[{"href":"https:\/\/ultimato.com.br\/sites\/paralelo10\/wp-json\/wp\/v2\/posts\/1534","targetHints":{"allow":["GET"]}}],"collection":[{"href":"https:\/\/ultimato.com.br\/sites\/paralelo10\/wp-json\/wp\/v2\/posts"}],"about":[{"href":"https:\/\/ultimato.com.br\/sites\/paralelo10\/wp-json\/wp\/v2\/types\/post"}],"author":[{"embeddable":true,"href":"https:\/\/ultimato.com.br\/sites\/paralelo10\/wp-json\/wp\/v2\/users\/2"}],"replies":[{"embeddable":true,"href":"https:\/\/ultimato.com.br\/sites\/paralelo10\/wp-json\/wp\/v2\/comments?post=1534"}],"version-history":[{"count":1,"href":"https:\/\/ultimato.com.br\/sites\/paralelo10\/wp-json\/wp\/v2\/posts\/1534\/revisions"}],"predecessor-version":[{"id":1540,"href":"https:\/\/ultimato.com.br\/sites\/paralelo10\/wp-json\/wp\/v2\/posts\/1534\/revisions\/1540"}],"wp:attachment":[{"href":"https:\/\/ultimato.com.br\/sites\/paralelo10\/wp-json\/wp\/v2\/media?parent=1534"}],"wp:term":[{"taxonomy":"category","embeddable":true,"href":"https:\/\/ultimato.com.br\/sites\/paralelo10\/wp-json\/wp\/v2\/categories?post=1534"},{"taxonomy":"post_tag","embeddable":true,"href":"https:\/\/ultimato.com.br\/sites\/paralelo10\/wp-json\/wp\/v2\/tags?post=1534"}],"curies":[{"name":"wp","href":"https:\/\/api.w.org\/{rel}","templated":true}]}}