{"id":1502,"date":"2011-05-11T11:11:46","date_gmt":"2011-05-11T14:11:46","guid":{"rendered":"http:\/\/ultimato.com.br\/sites\/paralelo10\/?p=1502"},"modified":"2011-05-11T11:11:46","modified_gmt":"2011-05-11T14:11:46","slug":"marcha-contra-a-exploracao-sexual-da-crianca-e-do-adolescente","status":"publish","type":"post","link":"https:\/\/ultimato.com.br\/sites\/paralelo10\/2011\/05\/marcha-contra-a-exploracao-sexual-da-crianca-e-do-adolescente\/","title":{"rendered":"Marcha contra a explora\u00e7\u00e3o sexual da crian\u00e7a e do adolescente"},"content":{"rendered":"<p style=\"text-align: center;\"><a href=\"http:\/\/ultimato.com.br\/sites\/paralelo10\/files\/2011\/05\/campanha-2011.jpg\" class=\"lightview\" data-lightview-group=\"group-1502\" data-lightview-options=\"skin: 'dark', controls: 'relative', padding: '10', shadow: { color: '#000000', opacity: 0.08, blur: 3 }\" data-lightview-title=\"campanha 2011\"><img loading=\"lazy\" decoding=\"async\" class=\"aligncenter size-full wp-image-1509\" title=\"campanha 2011\" src=\"http:\/\/ultimato.com.br\/sites\/paralelo10\/files\/2011\/05\/campanha-2011.jpg\" alt=\"\" width=\"320\" height=\"320\" srcset=\"https:\/\/ultimato.com.br\/sites\/paralelo10\/files\/2011\/05\/campanha-2011.jpg 320w, https:\/\/ultimato.com.br\/sites\/paralelo10\/files\/2011\/05\/campanha-2011-150x150.jpg 150w, https:\/\/ultimato.com.br\/sites\/paralelo10\/files\/2011\/05\/campanha-2011-300x300.jpg 300w, https:\/\/ultimato.com.br\/sites\/paralelo10\/files\/2011\/05\/campanha-2011-80x80.jpg 80w\" sizes=\"auto, (max-width: 320px) 100vw, 320px\" \/><\/a><\/p>\n<p>Acontecer\u00e1, no dia 18 de maio, em diversas cidades do Brasil, uma Marcha contra a explora\u00e7\u00e3o sexual da crian\u00e7a e do adolescente. V\u00e1rias cidades do Norte e Nordeste est\u00e3o promovendo esta marcha, veja as informa\u00e7\u00f5es abaixo. Mais informa\u00e7\u00f5es sobre este movimento acesse o site: <a href=\"http:\/\/15segundos.net\" target=\"_blank\">15segundos.net<\/a><!--more--><\/p>\n<p><strong>Manaus<\/strong><\/p>\n<p>Data: 18\/05\/2011<\/p>\n<p>Hor\u00e1rio: 08:00<\/p>\n<p>Local: Pra\u00e7a da Pol\u00edcia<\/p>\n<p>Telefone: 92 3611-4027<\/p>\n<p><strong>Fortaleza<\/strong><\/p>\n<p>Data: 18\/05\/2011<\/p>\n<p>Hor\u00e1rio: 14:00<\/p>\n<p>Local: PRA\u00c7A DO FERREIRA<\/p>\n<p>Telefone: 85 8644-9348<\/p>\n<p><strong>Natal<\/strong><\/p>\n<p>Data: 18\/05\/2011<\/p>\n<p>Hor\u00e1rio: 14:00<\/p>\n<p>Local: PRAIA DE PONTA NEGRA<\/p>\n<p>Telefone: 84 9914-1762<\/p>\n<p><strong>Recife<\/strong><\/p>\n<p>Data: 18\/05\/2011<\/p>\n<p>Hor\u00e1rio: 19:00<\/p>\n<p>Local:<\/p>\n<p>Telefone: 81 8834-1124<\/p>\n<p><strong>Salvador<\/strong><\/p>\n<p>Data: 18\/05\/2011<\/p>\n<p>Hor\u00e1rio: 18:30<\/p>\n<p>Local: MORRO DO CRISTO (BARRA)<\/p>\n<p>Telefone: 71 8839-2851<\/p>\n","protected":false},"excerpt":{"rendered":"<p>Acontecer\u00e1, no dia 18 de maio, em diversas cidades do Brasil, uma Marcha contra a explora\u00e7\u00e3o sexual da crian\u00e7a e do adolescente. V\u00e1rias cidades do Norte e Nordeste est\u00e3o promovendo esta marcha, veja as informa\u00e7\u00f5es abaixo. Mais informa\u00e7\u00f5es sobre este movimento acesse o site: 15segundos.net<\/p>\n","protected":false},"author":2,"featured_media":0,"comment_status":"open","ping_status":"open","sticky":false,"template":"","format":"standard","meta":{"ngg_post_thumbnail":0,"footnotes":""},"categories":[1,7],"tags":[],"class_list":["post-1502","post","type-post","status-publish","format-standard","hentry","category-uncategorized","category-noticias"],"_links":{"self":[{"href":"https:\/\/ultimato.com.br\/sites\/paralelo10\/wp-json\/wp\/v2\/posts\/1502","targetHints":{"allow":["GET"]}}],"collection":[{"href":"https:\/\/ultimato.com.br\/sites\/paralelo10\/wp-json\/wp\/v2\/posts"}],"about":[{"href":"https:\/\/ultimato.com.br\/sites\/paralelo10\/wp-json\/wp\/v2\/types\/post"}],"author":[{"embeddable":true,"href":"https:\/\/ultimato.com.br\/sites\/paralelo10\/wp-json\/wp\/v2\/users\/2"}],"replies":[{"embeddable":true,"href":"https:\/\/ultimato.com.br\/sites\/paralelo10\/wp-json\/wp\/v2\/comments?post=1502"}],"version-history":[{"count":2,"href":"https:\/\/ultimato.com.br\/sites\/paralelo10\/wp-json\/wp\/v2\/posts\/1502\/revisions"}],"predecessor-version":[{"id":1510,"href":"https:\/\/ultimato.com.br\/sites\/paralelo10\/wp-json\/wp\/v2\/posts\/1502\/revisions\/1510"}],"wp:attachment":[{"href":"https:\/\/ultimato.com.br\/sites\/paralelo10\/wp-json\/wp\/v2\/media?parent=1502"}],"wp:term":[{"taxonomy":"category","embeddable":true,"href":"https:\/\/ultimato.com.br\/sites\/paralelo10\/wp-json\/wp\/v2\/categories?post=1502"},{"taxonomy":"post_tag","embeddable":true,"href":"https:\/\/ultimato.com.br\/sites\/paralelo10\/wp-json\/wp\/v2\/tags?post=1502"}],"curies":[{"name":"wp","href":"https:\/\/api.w.org\/{rel}","templated":true}]}}