{"id":1495,"date":"2011-05-06T09:41:47","date_gmt":"2011-05-06T12:41:47","guid":{"rendered":"http:\/\/ultimato.com.br\/sites\/paralelo10\/?p=1495"},"modified":"2011-05-06T09:41:47","modified_gmt":"2011-05-06T12:41:47","slug":"alerta-de-mais-chuva-no-nordeste","status":"publish","type":"post","link":"https:\/\/ultimato.com.br\/sites\/paralelo10\/2011\/05\/alerta-de-mais-chuva-no-nordeste\/","title":{"rendered":"Alerta de mais chuva no Nordeste"},"content":{"rendered":"<p><em><a href=\"http:\/\/ultimato.com.br\/sites\/paralelo10\/files\/2011\/05\/novas_enchentes.png\" class=\"lightview\" data-lightview-group=\"group-1495\" data-lightview-options=\"skin: 'dark', controls: 'relative', padding: '10', shadow: { color: '#000000', opacity: 0.08, blur: 3 }\" data-lightview-title=\"novas_enchentes\"><img loading=\"lazy\" decoding=\"async\" class=\"alignleft size-full wp-image-1497\" title=\"novas_enchentes\" src=\"http:\/\/ultimato.com.br\/sites\/paralelo10\/files\/2011\/05\/novas_enchentes.png\" alt=\"\" width=\"358\" height=\"269\" srcset=\"https:\/\/ultimato.com.br\/sites\/paralelo10\/files\/2011\/05\/novas_enchentes.png 447w, https:\/\/ultimato.com.br\/sites\/paralelo10\/files\/2011\/05\/novas_enchentes-300x225.png 300w, https:\/\/ultimato.com.br\/sites\/paralelo10\/files\/2011\/05\/novas_enchentes-150x112.png 150w\" sizes=\"auto, (max-width: 358px) 100vw, 358px\" \/><\/a>Enviado por Eraldo Gueiros<\/em><\/p>\n<p>Ol\u00e1 amados, paz nestes dias t\u00e3o dificeis!<\/p>\n<p>Est\u00e1 expedido o alerta das autoridades c\u00edvis a toda a popula\u00e7\u00e3o do estado de Pernambuco para que tenhamos o m\u00e1ximo de cuidado nos pr\u00f3ximos dias, pois ser\u00e3o de intensas chuvas. H\u00e1 bairros que est\u00e3o alagados h\u00e1 dias, e o volume de \u00e1gua que continua caindo \u00e9 superior a capacidade de absor\u00e7\u00e3o do solo, dos canais e dos rios.<\/p>\n<p>Temos not\u00edcias de igrejas e pastores na regi\u00e3o metropolitana que foram atingidos.<!--more--><\/p>\n<p>Convocamos a todos os irm\u00e3os daqui e de outros estados, e alguns fora do Brasil para que estejam orando por n\u00f3s. At\u00e9 sexta a previs\u00e3o da meteorologia s\u00e3o assustadoras.<\/p>\n<p>Veja algumas reportagens:<\/p>\n<p><a href=\"http:\/\/g1.globo.com\/bom-dia-brasil\/noticia\/2011\/05\/chuva-deixa-familias-desalojadas-e-desabrigadas-em-pernambuco.html\" target=\"_blank\">G1 &#8211; Chuvas em Pernambuco<\/a><\/p>\n<p><a href=\"http:\/\/www.climatempo.com.br\/previsao-do-tempo\/cidade\/259\/recife-pe\" target=\"_blank\">Clima Tempo &#8211; Previs\u00e3o para Recife<\/a><\/p>\n<p>Pedimos aos nossos pastores e l\u00edderes que previnam suas igrejas, e estejam alertas para ajudar com a urg\u00eancia necess\u00e1ria, quando solicitada, nossos irm\u00e3os e igrejas.<\/p>\n<p>Estamos mais uma vez abrindo espa\u00e7o em nossa igreja para direcionarmos doa\u00e7\u00f5es de: \u00c1gua Mineral; Alimentos n\u00e3o-perec\u00edveis, de prefer\u00eancia os de f\u00e1cil consumo; material de higiene pessoal; agasalhos; colchonetes.<\/p>\n<p>Ofertas em dinheiro ser\u00e3o bem vindas, mas n\u00f3s lhe forneceremos as contas das igrejas e pastores atingidos. N\u00e3o repassaremos dep\u00f3sitos.<\/p>\n<p>Contato: Igreja Presbiteriana do Jord\u00e3o Alto &#8211; Rua Mirav\u00e2nia, n\u00ba 10 (Pr\u00f3ximo a pra\u00e7a do Jord\u00e3o Alto)  Recife-PE<\/p>\n<p>As doa\u00e7\u00f5es ser\u00e3o levadas em transporte apropriado aonde for necess\u00e1rios, especialmente na Zona da Mata Sul.<\/p>\n<p style=\"text-align: center;\"><strong>ZONA DA MATA SUL NOVAMENTE EM SOFRIMENTO!<\/strong><\/p>\n<p>As nossas igrejas de Palmares e Barreiros que ainda se recuperavam da trag\u00e9dia do ano passado, foram novamente vitimadas pela subida do rio, a cena \u00e9 deseperadora!<\/p>\n<p>As cidades vizinhas tamb\u00e9m n\u00e3o escaparam. Nosso contato nessa mobiliza\u00e7\u00e3o de Solidariedade para aquela regi\u00e3o \u00e9 o Rev. R\u00f4mulo, presidente do Presbit\u00e9rio Presbiteriano Litoral Sul de PE, ele mesmo com sua fam\u00edlia n\u00e3o escapou da for\u00e7a da \u00e1gua. Sua esposa e filhos em pouco tempo ficaram ilhados e tiveram de largar o carro. O carro foi totalmente encoberto pelas \u00e1guas.<\/p>\n<p>Louvado seja Deus que nada aconteceu a sua fam\u00edlia.<\/p>\n<p>O Rev. R\u00f4mulo est\u00e1 com suas igrejas no Cabo e em Gaibu totalmente preparadas para receber os donativos que lhe enviaremos (quem desejar, poder\u00e1 enviar os donativos direto para a igreja dele &#8211; Rev. R\u00f4mulo &#8211; Cel. 81.8603.7038 &#8211;  revromulo@gmail.com).<\/p>\n<p>Desde j\u00e1 contamos com o envolvimento de todos aqueles, que de perto e de longe, puderem ajudar! A urg\u00eancia \u00e9 m\u00e1xima para aqueles que perderam tudo, continuam isolados e h\u00e1 dias est\u00e3o sem a assistencia devida.<\/p>\n<p>Qualquer d\u00favida entre em contato conosco.<\/p>\n<p>Eraldo Gueiros \u00e9 pastor em Jord\u00e3o Alto, Recife, PE e\u00a0Secret\u00e1rio Sinodal de Evangelismo e Miss\u00f5es do SSC\/IPB<\/p>\n","protected":false},"excerpt":{"rendered":"<p>Enviado por Eraldo Gueiros Ol\u00e1 amados, paz nestes dias t\u00e3o dificeis! Est\u00e1 expedido o alerta das autoridades c\u00edvis a toda a popula\u00e7\u00e3o do estado de Pernambuco para que tenhamos o m\u00e1ximo de cuidado nos pr\u00f3ximos dias, pois ser\u00e3o de intensas chuvas. H\u00e1 bairros que est\u00e3o alagados h\u00e1 dias, e o volume de \u00e1gua que continua [&hellip;]<\/p>\n","protected":false},"author":2,"featured_media":0,"comment_status":"open","ping_status":"open","sticky":false,"template":"","format":"standard","meta":{"ngg_post_thumbnail":0,"footnotes":""},"categories":[7],"tags":[],"class_list":["post-1495","post","type-post","status-publish","format-standard","hentry","category-noticias"],"_links":{"self":[{"href":"https:\/\/ultimato.com.br\/sites\/paralelo10\/wp-json\/wp\/v2\/posts\/1495","targetHints":{"allow":["GET"]}}],"collection":[{"href":"https:\/\/ultimato.com.br\/sites\/paralelo10\/wp-json\/wp\/v2\/posts"}],"about":[{"href":"https:\/\/ultimato.com.br\/sites\/paralelo10\/wp-json\/wp\/v2\/types\/post"}],"author":[{"embeddable":true,"href":"https:\/\/ultimato.com.br\/sites\/paralelo10\/wp-json\/wp\/v2\/users\/2"}],"replies":[{"embeddable":true,"href":"https:\/\/ultimato.com.br\/sites\/paralelo10\/wp-json\/wp\/v2\/comments?post=1495"}],"version-history":[{"count":3,"href":"https:\/\/ultimato.com.br\/sites\/paralelo10\/wp-json\/wp\/v2\/posts\/1495\/revisions"}],"predecessor-version":[{"id":1499,"href":"https:\/\/ultimato.com.br\/sites\/paralelo10\/wp-json\/wp\/v2\/posts\/1495\/revisions\/1499"}],"wp:attachment":[{"href":"https:\/\/ultimato.com.br\/sites\/paralelo10\/wp-json\/wp\/v2\/media?parent=1495"}],"wp:term":[{"taxonomy":"category","embeddable":true,"href":"https:\/\/ultimato.com.br\/sites\/paralelo10\/wp-json\/wp\/v2\/categories?post=1495"},{"taxonomy":"post_tag","embeddable":true,"href":"https:\/\/ultimato.com.br\/sites\/paralelo10\/wp-json\/wp\/v2\/tags?post=1495"}],"curies":[{"name":"wp","href":"https:\/\/api.w.org\/{rel}","templated":true}]}}