{"id":1483,"date":"2011-05-05T16:29:06","date_gmt":"2011-05-05T19:29:06","guid":{"rendered":"http:\/\/ultimato.com.br\/sites\/paralelo10\/?p=1483"},"modified":"2011-05-05T16:29:44","modified_gmt":"2011-05-05T19:29:44","slug":"curso-perspectivas-em-belem-do-para","status":"publish","type":"post","link":"https:\/\/ultimato.com.br\/sites\/paralelo10\/2011\/05\/curso-perspectivas-em-belem-do-para\/","title":{"rendered":"Curso Perspectivas em Bel\u00e9m do Par\u00e1"},"content":{"rendered":"<p><a href=\"http:\/\/ultimato.com.br\/sites\/paralelo10\/files\/2011\/05\/Perspectivas.jpg\" class=\"lightview\" data-lightview-group=\"group-1483\" data-lightview-options=\"skin: 'dark', controls: 'relative', padding: '10', shadow: { color: '#000000', opacity: 0.08, blur: 3 }\" data-lightview-title=\"Perspectivas\"><img loading=\"lazy\" decoding=\"async\" class=\"aligncenter size-full wp-image-1484\" title=\"Perspectivas\" src=\"http:\/\/ultimato.com.br\/sites\/paralelo10\/files\/2011\/05\/Perspectivas.jpg\" alt=\"\" width=\"600\" height=\"193\" srcset=\"https:\/\/ultimato.com.br\/sites\/paralelo10\/files\/2011\/05\/Perspectivas.jpg 600w, https:\/\/ultimato.com.br\/sites\/paralelo10\/files\/2011\/05\/Perspectivas-300x96.jpg 300w, https:\/\/ultimato.com.br\/sites\/paralelo10\/files\/2011\/05\/Perspectivas-150x48.jpg 150w\" sizes=\"auto, (max-width: 600px) 100vw, 600px\" \/><\/a>Perspectivas no Movimento Crist\u00e3o Mundial \u00e9 um curso din\u00e2mico com 12 li\u00e7\u00f5es ensinado por l\u00edderes apaixonados por Deus e por Seu Reino. Perspectivas promove reflex\u00e3o, dando \u00eanfase especial \u00e0 tarefa inacabada de evangeliza\u00e7\u00e3o mundial. O curso ajuda o participante a considerar o prop\u00f3sito global de Deus a partir de quatro Perspectivas: B\u00edblica, Hist\u00f3rica, Cultural, Estrat\u00e9gica.<\/p>\n<p>Dos dias <strong>16 a 21 de maio<\/strong> o curso ser\u00e1 oferecido em <strong>Bel\u00e9m<\/strong>, no Instituto Mission\u00e1rio Palavra da Vida. Para mais informa\u00e7\u00f5es <a href=\"http:\/\/www.perspectivasbrasil.com\/cursos\/belem\" target=\"_blank\">clique aqui<\/a> ou acesse o site <a href=\"http:\/\/www.perspectivasbrasil.com\/\" target=\"_blank\">www.perspectivasbrasil.com<\/a><\/p>\n","protected":false},"excerpt":{"rendered":"<p>Perspectivas no Movimento Crist\u00e3o Mundial \u00e9 um curso din\u00e2mico com 12 li\u00e7\u00f5es ensinado por l\u00edderes apaixonados por Deus e por Seu Reino. Perspectivas promove reflex\u00e3o, dando \u00eanfase especial \u00e0 tarefa inacabada de evangeliza\u00e7\u00e3o mundial. O curso ajuda o participante a considerar o prop\u00f3sito global de Deus a partir de quatro Perspectivas: B\u00edblica, Hist\u00f3rica, Cultural, Estrat\u00e9gica. [&hellip;]<\/p>\n","protected":false},"author":2,"featured_media":0,"comment_status":"open","ping_status":"open","sticky":false,"template":"","format":"standard","meta":{"ngg_post_thumbnail":0,"footnotes":""},"categories":[1],"tags":[],"class_list":["post-1483","post","type-post","status-publish","format-standard","hentry","category-uncategorized"],"_links":{"self":[{"href":"https:\/\/ultimato.com.br\/sites\/paralelo10\/wp-json\/wp\/v2\/posts\/1483","targetHints":{"allow":["GET"]}}],"collection":[{"href":"https:\/\/ultimato.com.br\/sites\/paralelo10\/wp-json\/wp\/v2\/posts"}],"about":[{"href":"https:\/\/ultimato.com.br\/sites\/paralelo10\/wp-json\/wp\/v2\/types\/post"}],"author":[{"embeddable":true,"href":"https:\/\/ultimato.com.br\/sites\/paralelo10\/wp-json\/wp\/v2\/users\/2"}],"replies":[{"embeddable":true,"href":"https:\/\/ultimato.com.br\/sites\/paralelo10\/wp-json\/wp\/v2\/comments?post=1483"}],"version-history":[{"count":2,"href":"https:\/\/ultimato.com.br\/sites\/paralelo10\/wp-json\/wp\/v2\/posts\/1483\/revisions"}],"predecessor-version":[{"id":1486,"href":"https:\/\/ultimato.com.br\/sites\/paralelo10\/wp-json\/wp\/v2\/posts\/1483\/revisions\/1486"}],"wp:attachment":[{"href":"https:\/\/ultimato.com.br\/sites\/paralelo10\/wp-json\/wp\/v2\/media?parent=1483"}],"wp:term":[{"taxonomy":"category","embeddable":true,"href":"https:\/\/ultimato.com.br\/sites\/paralelo10\/wp-json\/wp\/v2\/categories?post=1483"},{"taxonomy":"post_tag","embeddable":true,"href":"https:\/\/ultimato.com.br\/sites\/paralelo10\/wp-json\/wp\/v2\/tags?post=1483"}],"curies":[{"name":"wp","href":"https:\/\/api.w.org\/{rel}","templated":true}]}}