{"id":1475,"date":"2011-05-16T09:33:41","date_gmt":"2011-05-16T12:33:41","guid":{"rendered":"http:\/\/ultimato.com.br\/sites\/paralelo10\/?p=1475"},"modified":"2011-05-16T09:33:41","modified_gmt":"2011-05-16T12:33:41","slug":"noticias-ministerio-entre-os-tembe","status":"publish","type":"post","link":"https:\/\/ultimato.com.br\/sites\/paralelo10\/2011\/05\/noticias-ministerio-entre-os-tembe\/","title":{"rendered":"Not\u00edcias: Minist\u00e9rio entre os Temb\u00e9"},"content":{"rendered":"<p><span style=\"font-weight: normal;\"><a href=\"http:\/\/ultimato.com.br\/sites\/paralelo10\/files\/2011\/05\/tembes.jpg\" class=\"lightview\" data-lightview-group=\"group-1475\" data-lightview-options=\"skin: 'dark', controls: 'relative', padding: '10', shadow: { color: '#000000', opacity: 0.08, blur: 3 }\" data-lightview-title=\"tembes\"><img loading=\"lazy\" decoding=\"async\" class=\"alignleft size-full wp-image-1516\" title=\"tembes\" src=\"http:\/\/ultimato.com.br\/sites\/paralelo10\/files\/2011\/05\/tembes.jpg\" alt=\"\" width=\"159\" height=\"149\" srcset=\"https:\/\/ultimato.com.br\/sites\/paralelo10\/files\/2011\/05\/tembes.jpg 159w, https:\/\/ultimato.com.br\/sites\/paralelo10\/files\/2011\/05\/tembes-150x140.jpg 150w\" sizes=\"auto, (max-width: 159px) 100vw, 159px\" \/><\/a>Durante o per\u00edodo da P\u00e1scoa voltamos \u00e0 aldeia Cuxiu-Mirim dos \u00edndios Temb\u00e9 junto com um grupo de alunos do curso de Miss\u00f5es da Faculdade Teol\u00f3gica Batista Equatorial (FATEBE) que se mostrou interessado em conhecer a realidade ind\u00edgena. Nossa equipe era Adriano, Lene, Ang\u00e9lica e Jonathan da FATEBE e n\u00f3s dois. Ficamos l\u00e1 de quinta-feira (21) at\u00e9 domingo (24). A Sophia deu algumas palestras na \u00e1rea de sa\u00fade, o H\u00e9ber deu estudos b\u00edblicos, passamos filmes a noite e a Lene e a Ang\u00e9lica deram li\u00e7\u00e3o b\u00edblica para as crian\u00e7as.<br \/>\n<\/span><\/p>\n<p>Sophia deu duas palestras de sa\u00fade para os ind\u00edgenas. A primeira foi sobre Dengue e a segunda foi sobre Hipertens\u00e3o. Ela falou em linguagem simples com ilustra\u00e7\u00f5es f\u00e1ceis de entender.<!--more--> Eles gostaram bastante. Depois da palestra sobre Hipertens\u00e3o ela aferiu a press\u00e3o dos presentes e ensinou a N\u00fabia (uma das ind\u00edgenas que \u00e9 agente comunit\u00e1ria de sa\u00fade) a aferir tamb\u00e9m. Um dos alunos falou sobre no\u00e7\u00f5es de higiene bucal e praticou escova\u00e7\u00e3o com as crian\u00e7as.<\/p>\n<p>Na primeira noite convidamos os ind\u00edgenas para nos encontrar na casa cultural para uma pequena\u00a0reuni\u00e3o. Cantamos algumas m\u00fasicas juntos e o Adriano (dos dos alunos da FATEBE) liderou uma conversa sobre a Cria\u00e7\u00e3o mostrando Deus como poderoso e Criador. Nas outras noites assistimos um filme sobre o livro de G\u00eanesis. Al\u00e9m deles gostarem muito foi complementar para o estudo b\u00edblico da primeira noite.<\/p>\n<p><strong>H\u00e9ber e Sophia Negr\u00e3o <\/strong>trabalham com a Miss\u00e3o Evang\u00e9lica aos \u00cdndios do Brasil (MEIB) em Ananindeua, PA.<\/p>\n","protected":false},"excerpt":{"rendered":"<p>Durante o per\u00edodo da P\u00e1scoa voltamos \u00e0 aldeia Cuxiu-Mirim dos \u00edndios Temb\u00e9 junto com um grupo de alunos do curso de Miss\u00f5es da Faculdade Teol\u00f3gica Batista Equatorial (FATEBE) que se mostrou interessado em conhecer a realidade ind\u00edgena. Nossa equipe era Adriano, Lene, Ang\u00e9lica e Jonathan da FATEBE e n\u00f3s dois. Ficamos l\u00e1 de quinta-feira (21) [&hellip;]<\/p>\n","protected":false},"author":2,"featured_media":0,"comment_status":"open","ping_status":"open","sticky":false,"template":"","format":"standard","meta":{"ngg_post_thumbnail":0,"footnotes":""},"categories":[7],"tags":[],"class_list":["post-1475","post","type-post","status-publish","format-standard","hentry","category-noticias"],"_links":{"self":[{"href":"https:\/\/ultimato.com.br\/sites\/paralelo10\/wp-json\/wp\/v2\/posts\/1475","targetHints":{"allow":["GET"]}}],"collection":[{"href":"https:\/\/ultimato.com.br\/sites\/paralelo10\/wp-json\/wp\/v2\/posts"}],"about":[{"href":"https:\/\/ultimato.com.br\/sites\/paralelo10\/wp-json\/wp\/v2\/types\/post"}],"author":[{"embeddable":true,"href":"https:\/\/ultimato.com.br\/sites\/paralelo10\/wp-json\/wp\/v2\/users\/2"}],"replies":[{"embeddable":true,"href":"https:\/\/ultimato.com.br\/sites\/paralelo10\/wp-json\/wp\/v2\/comments?post=1475"}],"version-history":[{"count":3,"href":"https:\/\/ultimato.com.br\/sites\/paralelo10\/wp-json\/wp\/v2\/posts\/1475\/revisions"}],"predecessor-version":[{"id":1518,"href":"https:\/\/ultimato.com.br\/sites\/paralelo10\/wp-json\/wp\/v2\/posts\/1475\/revisions\/1518"}],"wp:attachment":[{"href":"https:\/\/ultimato.com.br\/sites\/paralelo10\/wp-json\/wp\/v2\/media?parent=1475"}],"wp:term":[{"taxonomy":"category","embeddable":true,"href":"https:\/\/ultimato.com.br\/sites\/paralelo10\/wp-json\/wp\/v2\/categories?post=1475"},{"taxonomy":"post_tag","embeddable":true,"href":"https:\/\/ultimato.com.br\/sites\/paralelo10\/wp-json\/wp\/v2\/tags?post=1475"}],"curies":[{"name":"wp","href":"https:\/\/api.w.org\/{rel}","templated":true}]}}