{"id":1471,"date":"2011-05-09T15:43:29","date_gmt":"2011-05-09T18:43:29","guid":{"rendered":"http:\/\/ultimato.com.br\/sites\/paralelo10\/?p=1471"},"modified":"2011-05-09T15:43:29","modified_gmt":"2011-05-09T18:43:29","slug":"premio-renas","status":"publish","type":"post","link":"https:\/\/ultimato.com.br\/sites\/paralelo10\/2011\/05\/premio-renas\/","title":{"rendered":"Pr\u00eamio Renas"},"content":{"rendered":"<p>O PR\u00caMIO RENAS DE MELHORES PR\u00c1TICAS 2011 \u00e9 uma iniciativa da Rede Evang\u00e9lica Nacional de A\u00e7\u00e3o Social integrada por organiza\u00e7\u00f5es, movimentos, igrejas redes que t\u00eam desenvolvido excelentes  pr\u00e1ticas sociais, apresentando resultados relevantes para o enfrentamento \u00e0 pobreza em nosso pa\u00eds.<\/p>\n<p>Al\u00e9m dos resultados na transforma\u00e7\u00e3o e na melhoria da qualidade de vida das pessoas, essas pr\u00e1ticas  t\u00eam gerado novas tecnologias sociais, com capacidade para serem reaplicadas por outras  organiza\u00e7\u00f5es.<\/p>\n<p>Por\u00e9m, essas pr\u00e1ticas t\u00eam sido pouco divulgadas no meio das organiza\u00e7\u00f5es evang\u00e9licas e, aqueles  que tanto t\u00eam batalhado em busca de mudan\u00e7as sociais no seu contexto local, acabam n\u00e3o recebendo  o reconhecimento e o incentivo pelo trabalho realizado.<\/p>\n<p>Ao criar o Pr\u00eamio de Melhores Pr\u00e1ticas a RENAS pretende divulgar, valorizar e incentivar as a\u00e7\u00f5es  desenvolvidas pelas organiza\u00e7\u00f5es a ela filiadas, mas, facilitando, ao mesmo tempo, o compartilhar de  experi\u00eancias inovadoras e o seu efeito multiplicador, indicando e apontando pr\u00e1ticas que s\u00e3o  refer\u00eancias na \u00e1rea da a\u00e7\u00e3o social em suas diversas formas e segmentos atendidos.<\/p>\n<p>Para ler o edital e ter \u00a0mais informa\u00e7\u00f5es, <a href=\"http:\/\/www.renas.org.br\/?pg=show&amp;registro=1806&amp;util=1\">clique aqui<\/a>.<\/p>\n","protected":false},"excerpt":{"rendered":"<p>O PR\u00caMIO RENAS DE MELHORES PR\u00c1TICAS 2011 \u00e9 uma iniciativa da Rede Evang\u00e9lica Nacional de A\u00e7\u00e3o Social integrada por organiza\u00e7\u00f5es, movimentos, igrejas redes que t\u00eam desenvolvido excelentes pr\u00e1ticas sociais, apresentando resultados relevantes para o enfrentamento \u00e0 pobreza em nosso pa\u00eds. Al\u00e9m dos resultados na transforma\u00e7\u00e3o e na melhoria da qualidade de vida das pessoas, essas [&hellip;]<\/p>\n","protected":false},"author":2,"featured_media":0,"comment_status":"open","ping_status":"open","sticky":false,"template":"","format":"standard","meta":{"ngg_post_thumbnail":0,"footnotes":""},"categories":[7],"tags":[],"class_list":["post-1471","post","type-post","status-publish","format-standard","hentry","category-noticias"],"_links":{"self":[{"href":"https:\/\/ultimato.com.br\/sites\/paralelo10\/wp-json\/wp\/v2\/posts\/1471","targetHints":{"allow":["GET"]}}],"collection":[{"href":"https:\/\/ultimato.com.br\/sites\/paralelo10\/wp-json\/wp\/v2\/posts"}],"about":[{"href":"https:\/\/ultimato.com.br\/sites\/paralelo10\/wp-json\/wp\/v2\/types\/post"}],"author":[{"embeddable":true,"href":"https:\/\/ultimato.com.br\/sites\/paralelo10\/wp-json\/wp\/v2\/users\/2"}],"replies":[{"embeddable":true,"href":"https:\/\/ultimato.com.br\/sites\/paralelo10\/wp-json\/wp\/v2\/comments?post=1471"}],"version-history":[{"count":3,"href":"https:\/\/ultimato.com.br\/sites\/paralelo10\/wp-json\/wp\/v2\/posts\/1471\/revisions"}],"predecessor-version":[{"id":1501,"href":"https:\/\/ultimato.com.br\/sites\/paralelo10\/wp-json\/wp\/v2\/posts\/1471\/revisions\/1501"}],"wp:attachment":[{"href":"https:\/\/ultimato.com.br\/sites\/paralelo10\/wp-json\/wp\/v2\/media?parent=1471"}],"wp:term":[{"taxonomy":"category","embeddable":true,"href":"https:\/\/ultimato.com.br\/sites\/paralelo10\/wp-json\/wp\/v2\/categories?post=1471"},{"taxonomy":"post_tag","embeddable":true,"href":"https:\/\/ultimato.com.br\/sites\/paralelo10\/wp-json\/wp\/v2\/tags?post=1471"}],"curies":[{"name":"wp","href":"https:\/\/api.w.org\/{rel}","templated":true}]}}