{"id":1463,"date":"2011-05-04T15:01:14","date_gmt":"2011-05-04T18:01:14","guid":{"rendered":"http:\/\/ultimato.com.br\/sites\/paralelo10\/?p=1463"},"modified":"2011-05-05T08:55:47","modified_gmt":"2011-05-05T11:55:47","slug":"maio-mes-de-novidades","status":"publish","type":"post","link":"https:\/\/ultimato.com.br\/sites\/paralelo10\/2011\/05\/maio-mes-de-novidades\/","title":{"rendered":"Maio &#8211; M\u00eas de Novidades"},"content":{"rendered":"<p><a href=\"http:\/\/ultimato.com.br\/sites\/paralelo10\/files\/2011\/05\/DSC_4982.jpg\" class=\"lightview\" data-lightview-group=\"group-1463\" data-lightview-options=\"skin: 'dark', controls: 'relative', padding: '10', shadow: { color: '#000000', opacity: 0.08, blur: 3 }\" data-lightview-title=\"DSC_4982\"><img loading=\"lazy\" decoding=\"async\" class=\"alignleft size-full wp-image-1466\" title=\"DSC_4982\" src=\"http:\/\/ultimato.com.br\/sites\/paralelo10\/files\/2011\/05\/DSC_4982.jpg\" alt=\"\" width=\"320\" height=\"215\" srcset=\"https:\/\/ultimato.com.br\/sites\/paralelo10\/files\/2011\/05\/DSC_4982.jpg 320w, https:\/\/ultimato.com.br\/sites\/paralelo10\/files\/2011\/05\/DSC_4982-300x201.jpg 300w, https:\/\/ultimato.com.br\/sites\/paralelo10\/files\/2011\/05\/DSC_4982-150x100.jpg 150w\" sizes=\"auto, (max-width: 320px) 100vw, 320px\" \/><\/a>Caros amigos do Paralelo 10, Maio ser\u00e1 o m\u00eas de algumas novidades:<\/p>\n<p><strong><span style=\"color: #333300;\">Vamos comemorar o anivers\u00e1rio do Paralelo 10!<\/span><\/strong> Oficialmente o projeto Paralelo 10 completou 3 anos neste m\u00eas de Abril, contudo, escolhemos o m\u00eas de Maio para comemorarmos essa grande b\u00ean\u00e7\u00e3o do Senhor. N\u00f3s vamos postar aqui testemunhos, hist\u00f3rias, fotos e outras coisas sobre o Paralelo 10. Gostar\u00edamos de convidar voc\u00ea, nosso companheiro de caminhada, a enviar coment\u00e1rios sobre este blog e sobre o projeto. Vamos juntos celebrar os 3 anos do Paralelo 10!<\/p>\n<p><span style=\"color: #333300;\"><strong>Ajude a divulgar o Paralelo 10! <\/strong><span style=\"color: #000000;\">Acabamos de disponibilizar aqui no blog alguns banners novos que podem ser colocados em sites e blogs parceiros. Contamos com seu apoio nesta divulga\u00e7\u00e3o. Se voc\u00ea utilizar o banner do Paralelo 10, nos avise para ficarmos cientes da sua ajuda.<\/span><\/span><\/p>\n<p><strong><span style=\"color: #333300;\">Conversa Paralela de cara nova!<\/span><\/strong> Aproveitando a comemora\u00e7\u00e3o do anivers\u00e1rio do projeto, nosso boletim informativo ser\u00e1 reformulado. Aproveite esta ferramenta para nos ajudar na divulga\u00e7\u00e3o do projeto.<\/p>\n<p><span style=\"color: #333300;\"><strong>\u00c9 &#8220;Tempo de Fam\u00edlia&#8221; na Ultimato!<\/strong><\/span>Durante o m\u00eas de Maio a Ultimato vai dar \u00eanfase na publica\u00e7\u00e3o de materiais para a edifica\u00e7\u00e3o da fam\u00edlia. Fique atento aos textos publicados no site e tamb\u00e9m aqui no nosso blog. Essa \u00e9 uma boa oportunidade para voc\u00ea compartilhar conosco uma boa hist\u00f3ria de fam\u00edlia.<\/p>\n<p>Contamos com o apoio e participa\u00e7\u00e3o de todos voc\u00eas!<\/p>\n<p>Um abra\u00e7o,<\/p>\n<p><em>Ivny Monteiro<\/em><\/p>\n<p>*Dica de Leitura:<\/p>\n<ul>\n<li><a href=\"http:\/\/www.ultimato.com.br\/loja\/produtos\/o-que-e-missao-integral\" target=\"_blank\">O que \u00e9 Miss\u00e3o Integral?<\/a><\/li>\n<li><a href=\"http:\/\/www.ultimato.com.br\/loja\/produtos\/casamento-e-familia\" target=\"_blank\">Casamento e Fam\u00edlia<\/a><\/li>\n<\/ul>\n","protected":false},"excerpt":{"rendered":"<p>Caros amigos do Paralelo 10, Maio ser\u00e1 o m\u00eas de algumas novidades: Vamos comemorar o anivers\u00e1rio do Paralelo 10! Oficialmente o projeto Paralelo 10 completou 3 anos neste m\u00eas de Abril, contudo, escolhemos o m\u00eas de Maio para comemorarmos essa grande b\u00ean\u00e7\u00e3o do Senhor. N\u00f3s vamos postar aqui testemunhos, hist\u00f3rias, fotos e outras coisas sobre [&hellip;]<\/p>\n","protected":false},"author":2,"featured_media":0,"comment_status":"open","ping_status":"open","sticky":false,"template":"","format":"standard","meta":{"ngg_post_thumbnail":0,"footnotes":""},"categories":[7],"tags":[],"class_list":["post-1463","post","type-post","status-publish","format-standard","hentry","category-noticias"],"_links":{"self":[{"href":"https:\/\/ultimato.com.br\/sites\/paralelo10\/wp-json\/wp\/v2\/posts\/1463","targetHints":{"allow":["GET"]}}],"collection":[{"href":"https:\/\/ultimato.com.br\/sites\/paralelo10\/wp-json\/wp\/v2\/posts"}],"about":[{"href":"https:\/\/ultimato.com.br\/sites\/paralelo10\/wp-json\/wp\/v2\/types\/post"}],"author":[{"embeddable":true,"href":"https:\/\/ultimato.com.br\/sites\/paralelo10\/wp-json\/wp\/v2\/users\/2"}],"replies":[{"embeddable":true,"href":"https:\/\/ultimato.com.br\/sites\/paralelo10\/wp-json\/wp\/v2\/comments?post=1463"}],"version-history":[{"count":4,"href":"https:\/\/ultimato.com.br\/sites\/paralelo10\/wp-json\/wp\/v2\/posts\/1463\/revisions"}],"predecessor-version":[{"id":1465,"href":"https:\/\/ultimato.com.br\/sites\/paralelo10\/wp-json\/wp\/v2\/posts\/1463\/revisions\/1465"}],"wp:attachment":[{"href":"https:\/\/ultimato.com.br\/sites\/paralelo10\/wp-json\/wp\/v2\/media?parent=1463"}],"wp:term":[{"taxonomy":"category","embeddable":true,"href":"https:\/\/ultimato.com.br\/sites\/paralelo10\/wp-json\/wp\/v2\/categories?post=1463"},{"taxonomy":"post_tag","embeddable":true,"href":"https:\/\/ultimato.com.br\/sites\/paralelo10\/wp-json\/wp\/v2\/tags?post=1463"}],"curies":[{"name":"wp","href":"https:\/\/api.w.org\/{rel}","templated":true}]}}