{"id":1446,"date":"2011-05-02T10:43:30","date_gmt":"2011-05-02T13:43:30","guid":{"rendered":"http:\/\/ultimato.com.br\/sites\/paralelo10\/?p=1446"},"modified":"2011-05-02T10:48:00","modified_gmt":"2011-05-02T13:48:00","slug":"1%c2%ba-forum-de-acao-social-para-a-regiao-do-caririceara","status":"publish","type":"post","link":"https:\/\/ultimato.com.br\/sites\/paralelo10\/2011\/05\/1%c2%ba-forum-de-acao-social-para-a-regiao-do-caririceara\/","title":{"rendered":"1\u00ba F\u00f3rum de a\u00e7\u00e3o social para a regi\u00e3o do Cariri\/Cear\u00e1"},"content":{"rendered":"<p><strong><a href=\"http:\/\/ultimato.com.br\/sites\/paralelo10\/files\/2011\/05\/mao_arvore.jpg\" class=\"lightview\" data-lightview-group=\"group-1446\" data-lightview-options=\"skin: 'dark', controls: 'relative', padding: '10', shadow: { color: '#000000', opacity: 0.08, blur: 3 }\" data-lightview-title=\"mao_arvore\"><img loading=\"lazy\" decoding=\"async\" class=\"alignright size-full wp-image-1447\" title=\"mao_arvore\" src=\"http:\/\/ultimato.com.br\/sites\/paralelo10\/files\/2011\/05\/mao_arvore.jpg\" alt=\"\" width=\"320\" height=\"240\" srcset=\"https:\/\/ultimato.com.br\/sites\/paralelo10\/files\/2011\/05\/mao_arvore.jpg 320w, https:\/\/ultimato.com.br\/sites\/paralelo10\/files\/2011\/05\/mao_arvore-300x225.jpg 300w, https:\/\/ultimato.com.br\/sites\/paralelo10\/files\/2011\/05\/mao_arvore-150x112.jpg 150w\" sizes=\"auto, (max-width: 320px) 100vw, 320px\" \/><\/a>1\u00ba F\u00f3rum de a\u00e7\u00e3o social para a regi\u00e3o do Cariri\/Cear\u00e1<\/strong><\/p>\n<p><strong><br \/>\nTema:<\/strong> &#8220;Capacitando as igrejas e as organiza\u00e7\u00f5es sociais para promoverem a\u00e7\u00f5es transformadoras&#8221;<br \/>\n<strong>Data:<\/strong> 21 e 22 de maio<br \/>\n<strong>Local:<\/strong> Juazeiro do Norte\/CE<br \/>\n<strong>Informa\u00e7\u00f5es:<\/strong> (11) 4136-4770<\/p>\n<p><a href=\"mailto:valedabencao@valedabencao.org.br\" target=\"_blank\">valedabencao@valedabencao.org.br<\/a><\/p>\n<p>* Dica de Leitura:<!--more--><\/p>\n<ul>\n<li><a href=\"http:\/\/www.ultimato.com.br\/loja\/produtos\/evangelizacao-e-responsabilidade-social-viva-a-simplicidade-1\" target=\"_blank\">EVANGELIZA\u00c7\u00c3O E RESPONSABILIDADE SOCIAL \/ VIVA A SIMPLICIDADE<\/a><\/li>\n<li><a href=\"http:\/\/www.ultimato.com.br\/loja\/produtos\/servos-entre-os-pobres\" target=\"_blank\">SERVOS ENTRE OS POBRES<\/a><\/li>\n<li><a href=\"http:\/\/www.ultimato.com.br\/loja\/produtos\/jardim-da-cooperacao\" target=\"_blank\">JARDIM DA COOPERA\u00c7\u00c3O<\/a><\/li>\n<\/ul>\n","protected":false},"excerpt":{"rendered":"<p>1\u00ba F\u00f3rum de a\u00e7\u00e3o social para a regi\u00e3o do Cariri\/Cear\u00e1 Tema: &#8220;Capacitando as igrejas e as organiza\u00e7\u00f5es sociais para promoverem a\u00e7\u00f5es transformadoras&#8221; Data: 21 e 22 de maio Local: Juazeiro do Norte\/CE Informa\u00e7\u00f5es: (11) 4136-4770 valedabencao@valedabencao.org.br * Dica de Leitura:<\/p>\n","protected":false},"author":2,"featured_media":0,"comment_status":"open","ping_status":"open","sticky":false,"template":"","format":"standard","meta":{"ngg_post_thumbnail":0,"footnotes":""},"categories":[1],"tags":[],"class_list":["post-1446","post","type-post","status-publish","format-standard","hentry","category-uncategorized"],"_links":{"self":[{"href":"https:\/\/ultimato.com.br\/sites\/paralelo10\/wp-json\/wp\/v2\/posts\/1446","targetHints":{"allow":["GET"]}}],"collection":[{"href":"https:\/\/ultimato.com.br\/sites\/paralelo10\/wp-json\/wp\/v2\/posts"}],"about":[{"href":"https:\/\/ultimato.com.br\/sites\/paralelo10\/wp-json\/wp\/v2\/types\/post"}],"author":[{"embeddable":true,"href":"https:\/\/ultimato.com.br\/sites\/paralelo10\/wp-json\/wp\/v2\/users\/2"}],"replies":[{"embeddable":true,"href":"https:\/\/ultimato.com.br\/sites\/paralelo10\/wp-json\/wp\/v2\/comments?post=1446"}],"version-history":[{"count":3,"href":"https:\/\/ultimato.com.br\/sites\/paralelo10\/wp-json\/wp\/v2\/posts\/1446\/revisions"}],"predecessor-version":[{"id":1449,"href":"https:\/\/ultimato.com.br\/sites\/paralelo10\/wp-json\/wp\/v2\/posts\/1446\/revisions\/1449"}],"wp:attachment":[{"href":"https:\/\/ultimato.com.br\/sites\/paralelo10\/wp-json\/wp\/v2\/media?parent=1446"}],"wp:term":[{"taxonomy":"category","embeddable":true,"href":"https:\/\/ultimato.com.br\/sites\/paralelo10\/wp-json\/wp\/v2\/categories?post=1446"},{"taxonomy":"post_tag","embeddable":true,"href":"https:\/\/ultimato.com.br\/sites\/paralelo10\/wp-json\/wp\/v2\/tags?post=1446"}],"curies":[{"name":"wp","href":"https:\/\/api.w.org\/{rel}","templated":true}]}}