{"id":1434,"date":"2011-04-27T09:41:00","date_gmt":"2011-04-27T12:41:00","guid":{"rendered":"http:\/\/ultimato.com.br\/sites\/paralelo10\/?p=1434"},"modified":"2011-04-27T09:41:00","modified_gmt":"2011-04-27T12:41:00","slug":"evangelizacao-urbana","status":"publish","type":"post","link":"https:\/\/ultimato.com.br\/sites\/paralelo10\/2011\/04\/evangelizacao-urbana\/","title":{"rendered":"Evangeliza\u00e7\u00e3o Urbana"},"content":{"rendered":"<p><a href=\"http:\/\/ultimato.com.br\/sites\/paralelo10\/files\/2011\/04\/recife.jpg\" class=\"lightview\" data-lightview-group=\"group-1434\" data-lightview-options=\"skin: 'dark', controls: 'relative', padding: '10', shadow: { color: '#000000', opacity: 0.08, blur: 3 }\" data-lightview-title=\"recife\"><img loading=\"lazy\" decoding=\"async\" class=\"alignright size-full wp-image-1439\" title=\"recife\" src=\"http:\/\/ultimato.com.br\/sites\/paralelo10\/files\/2011\/04\/recife.jpg\" alt=\"\" width=\"320\" height=\"240\" srcset=\"https:\/\/ultimato.com.br\/sites\/paralelo10\/files\/2011\/04\/recife.jpg 320w, https:\/\/ultimato.com.br\/sites\/paralelo10\/files\/2011\/04\/recife-300x225.jpg 300w, https:\/\/ultimato.com.br\/sites\/paralelo10\/files\/2011\/04\/recife-150x112.jpg 150w\" sizes=\"auto, (max-width: 320px) 100vw, 320px\" \/><\/a>Ser\u00e1 realizado no dia 07\/05 a primeira capacita\u00e7\u00e3o 2011 em Evangeliza\u00e7\u00e3o Urbana, promovido pelo Centro de Educa\u00e7\u00e3o Teol\u00f3gica do Recife em parceria com o Projeto Apocalipse 1:11. O treinamento ser\u00e1 ministrado das 14h \u00e0s 20h, na Igreja Presbiteriana do Jord\u00e3o Alto (Rua Mirav\u00e2nia, N\u00b0 10, pr\u00f3ximo a pra\u00e7a do Jord\u00e3o Alto).<\/p>\n<p>O treinamento ter\u00e1 a participa\u00e7\u00e3o de v\u00e1rios pastores e professores com especializa\u00e7\u00e3o na \u00e1rea de missiologia. Contaremos tamb\u00e9m com o apoio de mission\u00e1rios em atua\u00e7\u00e3o no campo.<!--more--><\/p>\n<p>No treinamento voc\u00ea receber\u00e1 o conte\u00fado te\u00f3rico em apostila, e ser\u00e1 desafiado a situa\u00e7\u00f5es de pr\u00e1tica evangel\u00edstica. Ser\u00e1 oferecido lanche e certificado de conclus\u00e3o.<\/p>\n<p>Voc\u00ea poder\u00e1 inscrever quantas pessoas desejar de sua igreja, mas em cada capacita\u00e7\u00e3o o n\u00famero de participantes ser\u00e1 limitado afim de n\u00e3o prejudicar o treinamento.<\/p>\n<p>Por isso, seja r\u00e1pido para garantir sua vaga!<\/p>\n<p>Desde j\u00e1 contamos com suas ora\u00e7\u00f5es, pois sem elas, qualquer a\u00e7\u00e3o fica infrut\u00edfera.<\/p>\n<p>O investimento ser\u00e1 de apenas R$ 15,00, referente as refei\u00e7\u00f5es e material gr\u00e1fico. O Cet Recife n\u00e3o cobrar\u00e1 nada pelo treinamento.<\/p>\n<p>Informa\u00e7\u00f5es pelo Tel. 3088.2194 ou por e-mail: projetoapocalipse111@yahoo.com.br<\/p>\n<p>Enviado pelo Pr. Eraldo Gueiros<\/p>\n","protected":false},"excerpt":{"rendered":"<p>Ser\u00e1 realizado no dia 07\/05 a primeira capacita\u00e7\u00e3o 2011 em Evangeliza\u00e7\u00e3o Urbana, promovido pelo Centro de Educa\u00e7\u00e3o Teol\u00f3gica do Recife em parceria com o Projeto Apocalipse 1:11. O treinamento ser\u00e1 ministrado das 14h \u00e0s 20h, na Igreja Presbiteriana do Jord\u00e3o Alto (Rua Mirav\u00e2nia, N\u00b0 10, pr\u00f3ximo a pra\u00e7a do Jord\u00e3o Alto). O treinamento ter\u00e1 a [&hellip;]<\/p>\n","protected":false},"author":2,"featured_media":0,"comment_status":"open","ping_status":"open","sticky":false,"template":"","format":"standard","meta":{"ngg_post_thumbnail":0,"footnotes":""},"categories":[1],"tags":[],"class_list":["post-1434","post","type-post","status-publish","format-standard","hentry","category-uncategorized"],"_links":{"self":[{"href":"https:\/\/ultimato.com.br\/sites\/paralelo10\/wp-json\/wp\/v2\/posts\/1434","targetHints":{"allow":["GET"]}}],"collection":[{"href":"https:\/\/ultimato.com.br\/sites\/paralelo10\/wp-json\/wp\/v2\/posts"}],"about":[{"href":"https:\/\/ultimato.com.br\/sites\/paralelo10\/wp-json\/wp\/v2\/types\/post"}],"author":[{"embeddable":true,"href":"https:\/\/ultimato.com.br\/sites\/paralelo10\/wp-json\/wp\/v2\/users\/2"}],"replies":[{"embeddable":true,"href":"https:\/\/ultimato.com.br\/sites\/paralelo10\/wp-json\/wp\/v2\/comments?post=1434"}],"version-history":[{"count":4,"href":"https:\/\/ultimato.com.br\/sites\/paralelo10\/wp-json\/wp\/v2\/posts\/1434\/revisions"}],"predecessor-version":[{"id":1441,"href":"https:\/\/ultimato.com.br\/sites\/paralelo10\/wp-json\/wp\/v2\/posts\/1434\/revisions\/1441"}],"wp:attachment":[{"href":"https:\/\/ultimato.com.br\/sites\/paralelo10\/wp-json\/wp\/v2\/media?parent=1434"}],"wp:term":[{"taxonomy":"category","embeddable":true,"href":"https:\/\/ultimato.com.br\/sites\/paralelo10\/wp-json\/wp\/v2\/categories?post=1434"},{"taxonomy":"post_tag","embeddable":true,"href":"https:\/\/ultimato.com.br\/sites\/paralelo10\/wp-json\/wp\/v2\/tags?post=1434"}],"curies":[{"name":"wp","href":"https:\/\/api.w.org\/{rel}","templated":true}]}}