{"id":1370,"date":"2011-03-30T13:57:27","date_gmt":"2011-03-30T16:57:27","guid":{"rendered":"http:\/\/ultimato.com.br\/sites\/paralelo10\/?p=1370"},"modified":"2011-03-30T13:57:27","modified_gmt":"2011-03-30T16:57:27","slug":"55-anos-da-missao-asas-de-socorro","status":"publish","type":"post","link":"https:\/\/ultimato.com.br\/sites\/paralelo10\/2011\/03\/55-anos-da-missao-asas-de-socorro\/","title":{"rendered":"55 Anos da Miss\u00e3o Asas de Socorro"},"content":{"rendered":"<p><a href=\"http:\/\/ultimato.com.br\/sites\/paralelo10\/files\/2011\/03\/asas.jpg\" class=\"lightview\" data-lightview-group=\"group-1370\" data-lightview-options=\"skin: 'dark', controls: 'relative', padding: '10', shadow: { color: '#000000', opacity: 0.08, blur: 3 }\" data-lightview-title=\"asas\"><img loading=\"lazy\" decoding=\"async\" class=\"alignright size-full wp-image-1373\" title=\"asas\" src=\"http:\/\/ultimato.com.br\/sites\/paralelo10\/files\/2011\/03\/asas.jpg\" alt=\"\" width=\"339\" height=\"247\" srcset=\"https:\/\/ultimato.com.br\/sites\/paralelo10\/files\/2011\/03\/asas.jpg 339w, https:\/\/ultimato.com.br\/sites\/paralelo10\/files\/2011\/03\/asas-300x218.jpg 300w, https:\/\/ultimato.com.br\/sites\/paralelo10\/files\/2011\/03\/asas-150x109.jpg 150w\" sizes=\"auto, (max-width: 339px) 100vw, 339px\" \/><\/a>Inaugura\u00e7\u00e3o da Base Porto Velho e\u00a0Comemora\u00e7\u00e3o dos 55 anos da Miss\u00e3o Asas de Socorro<\/p>\n<p>Data: 12 de abril de 2011<\/p>\n<p>In\u00edcio: 9h com o caf\u00e9 da manh\u00e3<\/p>\n<p>Local: Hangar de Avia\u00e7\u00e3o Asas de Socorro<\/p>\n<p>Estrada do Belmont 12.008, Porto Velho, RO<\/p>\n<p>Fa\u00e7a contato conosco se precisar de transporte at\u00e9 o Hangar.<\/p>\n<p>Informa\u00e7\u00f5es: (69) 3221-1874 com Janecir Carvalho<\/p>\n<p>E-mail: janecir.carvalho@asasdesocorro.org.br<\/p>\n","protected":false},"excerpt":{"rendered":"<p>Inaugura\u00e7\u00e3o da Base Porto Velho e\u00a0Comemora\u00e7\u00e3o dos 55 anos da Miss\u00e3o Asas de Socorro Data: 12 de abril de 2011 In\u00edcio: 9h com o caf\u00e9 da manh\u00e3 Local: Hangar de Avia\u00e7\u00e3o Asas de Socorro Estrada do Belmont 12.008, Porto Velho, RO Fa\u00e7a contato conosco se precisar de transporte at\u00e9 o Hangar. Informa\u00e7\u00f5es: (69) 3221-1874 com [&hellip;]<\/p>\n","protected":false},"author":2,"featured_media":0,"comment_status":"open","ping_status":"open","sticky":false,"template":"","format":"standard","meta":{"ngg_post_thumbnail":0,"footnotes":""},"categories":[1],"tags":[],"class_list":["post-1370","post","type-post","status-publish","format-standard","hentry","category-uncategorized"],"_links":{"self":[{"href":"https:\/\/ultimato.com.br\/sites\/paralelo10\/wp-json\/wp\/v2\/posts\/1370","targetHints":{"allow":["GET"]}}],"collection":[{"href":"https:\/\/ultimato.com.br\/sites\/paralelo10\/wp-json\/wp\/v2\/posts"}],"about":[{"href":"https:\/\/ultimato.com.br\/sites\/paralelo10\/wp-json\/wp\/v2\/types\/post"}],"author":[{"embeddable":true,"href":"https:\/\/ultimato.com.br\/sites\/paralelo10\/wp-json\/wp\/v2\/users\/2"}],"replies":[{"embeddable":true,"href":"https:\/\/ultimato.com.br\/sites\/paralelo10\/wp-json\/wp\/v2\/comments?post=1370"}],"version-history":[{"count":3,"href":"https:\/\/ultimato.com.br\/sites\/paralelo10\/wp-json\/wp\/v2\/posts\/1370\/revisions"}],"predecessor-version":[{"id":1375,"href":"https:\/\/ultimato.com.br\/sites\/paralelo10\/wp-json\/wp\/v2\/posts\/1370\/revisions\/1375"}],"wp:attachment":[{"href":"https:\/\/ultimato.com.br\/sites\/paralelo10\/wp-json\/wp\/v2\/media?parent=1370"}],"wp:term":[{"taxonomy":"category","embeddable":true,"href":"https:\/\/ultimato.com.br\/sites\/paralelo10\/wp-json\/wp\/v2\/categories?post=1370"},{"taxonomy":"post_tag","embeddable":true,"href":"https:\/\/ultimato.com.br\/sites\/paralelo10\/wp-json\/wp\/v2\/tags?post=1370"}],"curies":[{"name":"wp","href":"https:\/\/api.w.org\/{rel}","templated":true}]}}