{"id":1363,"date":"2011-04-01T14:07:17","date_gmt":"2011-04-01T17:07:17","guid":{"rendered":"http:\/\/ultimato.com.br\/sites\/paralelo10\/?p=1363"},"modified":"2011-04-01T14:07:17","modified_gmt":"2011-04-01T17:07:17","slug":"nordestinamente-a-homenagem-de-um-carioca","status":"publish","type":"post","link":"https:\/\/ultimato.com.br\/sites\/paralelo10\/2011\/04\/nordestinamente-a-homenagem-de-um-carioca\/","title":{"rendered":"Nordestinamente &#8211; a homenagem de um carioca"},"content":{"rendered":"<p style=\"text-align: center;\"><a href=\"http:\/\/ultimato.com.br\/sites\/paralelo10\/files\/2011\/04\/nordestinamente.jpg\" class=\"lightview\" data-lightview-group=\"group-1363\" data-lightview-options=\"skin: 'dark', controls: 'relative', padding: '10', shadow: { color: '#000000', opacity: 0.08, blur: 3 }\" data-lightview-title=\"nordestinamente\"><img loading=\"lazy\" decoding=\"async\" class=\"size-full wp-image-1378 aligncenter\" style=\"margin-top: 10px; margin-bottom: 10px;\" title=\"nordestinamente\" src=\"http:\/\/ultimato.com.br\/sites\/paralelo10\/files\/2011\/04\/nordestinamente.jpg\" alt=\"\" width=\"337\" height=\"245\" srcset=\"https:\/\/ultimato.com.br\/sites\/paralelo10\/files\/2011\/04\/nordestinamente.jpg 482w, https:\/\/ultimato.com.br\/sites\/paralelo10\/files\/2011\/04\/nordestinamente-300x217.jpg 300w, https:\/\/ultimato.com.br\/sites\/paralelo10\/files\/2011\/04\/nordestinamente-150x108.jpg 150w\" sizes=\"auto, (max-width: 337px) 100vw, 337px\" \/><\/a>N\u00e3o sou nordestino &#8211; sou um carioca que aprendeu a apreciar a cultura, a arte, a m\u00fasica e poesia do Nordeste ouvindo o r\u00e1dio com meu pai. Nos anos 70, n\u00f3s sent\u00e1vamos na varanda, o s\u00e1bado indo embora, e ouv\u00edamos o Projeto Minerva. Esse programa chamou muito a minha aten\u00e7\u00e3o curiosa de menino para as Cantorias de Viola, a m\u00e1gica po\u00e9tica nordestina e sertaneja!<!--more--><\/p>\n<p>Devo dizer que &#8220;Nordestinamente &#8221; \u00e9 uma homenagem aos cantadores que meu pai me apresentou naquelas tardes, a Roberto Diamanso e C\u00e9sar do Acordeon, que acordaram na minha alma aquela experi\u00eancia adormecida da minha mem\u00f3ria de adulto e m\u00fasico urbano. Chamei v\u00e1rios amigos preciosos : Marcio Teixeira e Marinaldo Cardoso, com sua percuss\u00e3o e baixo maravilhosos &#8211; formamos um trio! &#8211; e outros, geniais e generosos , como Fernando Merlino (piano, arranjo de cordas e metais), Arthur Maia e seu Fretless divino, Z\u00e9 Canuto, sax costumeiramente lindo e virtuoso, Jo\u00e3o Alexandre, viol\u00e3o estupendo, como sempre, Jorge Ervolini e a sua guitarra deliciosa, al\u00e9m dos vocais de Marcelo Chiarelli, Iracy Oliveira, Shaila Kerr, Tiago Vianna, Alann Marino e Paulo Nazareth( Crombie ). Agora \u00e9 com voc\u00eas, Ou\u00e7am. Respondam. Soli Deo Gloria.<\/p>\n<p><strong>Gerson Borges <\/strong>\u00e9 casado, tem dois filhos e \u00e9 pastor.<\/p>\n<p><strong>Saiba mais sobre este projeto e ou\u00e7a algumas can\u00e7\u00f5es <a href=\"http:\/\/www.wix.com\/sitedogb04\/gersonborges\">aqui<\/a>.<\/strong><\/p>\n","protected":false},"excerpt":{"rendered":"<p>N\u00e3o sou nordestino &#8211; sou um carioca que aprendeu a apreciar a cultura, a arte, a m\u00fasica e poesia do Nordeste ouvindo o r\u00e1dio com meu pai. Nos anos 70, n\u00f3s sent\u00e1vamos na varanda, o s\u00e1bado indo embora, e ouv\u00edamos o Projeto Minerva. Esse programa chamou muito a minha aten\u00e7\u00e3o curiosa de menino para as [&hellip;]<\/p>\n","protected":false},"author":2,"featured_media":0,"comment_status":"open","ping_status":"open","sticky":false,"template":"","format":"standard","meta":{"ngg_post_thumbnail":0,"footnotes":""},"categories":[5],"tags":[],"class_list":["post-1363","post","type-post","status-publish","format-standard","hentry","category-arte-e-cultura"],"_links":{"self":[{"href":"https:\/\/ultimato.com.br\/sites\/paralelo10\/wp-json\/wp\/v2\/posts\/1363","targetHints":{"allow":["GET"]}}],"collection":[{"href":"https:\/\/ultimato.com.br\/sites\/paralelo10\/wp-json\/wp\/v2\/posts"}],"about":[{"href":"https:\/\/ultimato.com.br\/sites\/paralelo10\/wp-json\/wp\/v2\/types\/post"}],"author":[{"embeddable":true,"href":"https:\/\/ultimato.com.br\/sites\/paralelo10\/wp-json\/wp\/v2\/users\/2"}],"replies":[{"embeddable":true,"href":"https:\/\/ultimato.com.br\/sites\/paralelo10\/wp-json\/wp\/v2\/comments?post=1363"}],"version-history":[{"count":3,"href":"https:\/\/ultimato.com.br\/sites\/paralelo10\/wp-json\/wp\/v2\/posts\/1363\/revisions"}],"predecessor-version":[{"id":1380,"href":"https:\/\/ultimato.com.br\/sites\/paralelo10\/wp-json\/wp\/v2\/posts\/1363\/revisions\/1380"}],"wp:attachment":[{"href":"https:\/\/ultimato.com.br\/sites\/paralelo10\/wp-json\/wp\/v2\/media?parent=1363"}],"wp:term":[{"taxonomy":"category","embeddable":true,"href":"https:\/\/ultimato.com.br\/sites\/paralelo10\/wp-json\/wp\/v2\/categories?post=1363"},{"taxonomy":"post_tag","embeddable":true,"href":"https:\/\/ultimato.com.br\/sites\/paralelo10\/wp-json\/wp\/v2\/tags?post=1363"}],"curies":[{"name":"wp","href":"https:\/\/api.w.org\/{rel}","templated":true}]}}