{"id":1353,"date":"2011-04-13T15:59:27","date_gmt":"2011-04-13T18:59:27","guid":{"rendered":"http:\/\/ultimato.com.br\/sites\/paralelo10\/?p=1353"},"modified":"2011-04-13T16:51:53","modified_gmt":"2011-04-13T19:51:53","slug":"cuidar-da-natureza-faz-parte-da-missao-integral-do-cristao","status":"publish","type":"post","link":"https:\/\/ultimato.com.br\/sites\/paralelo10\/2011\/04\/cuidar-da-natureza-faz-parte-da-missao-integral-do-cristao\/","title":{"rendered":"Cuidar da natureza faz parte da miss\u00e3o integral do crist\u00e3o"},"content":{"rendered":"<p><span style=\"font-family: Arial, sans-serif;\"><strong><a href=\"http:\/\/ultimato.com.br\/sites\/paralelo10\/files\/2011\/04\/passaro_acev.jpg\" class=\"lightview\" data-lightview-group=\"group-1353\" data-lightview-options=\"skin: 'dark', controls: 'relative', padding: '10', shadow: { color: '#000000', opacity: 0.08, blur: 3 }\" data-lightview-title=\"passaro_acev\"><img loading=\"lazy\" decoding=\"async\" class=\"alignright size-full wp-image-1407\" title=\"passaro_acev\" src=\"http:\/\/ultimato.com.br\/sites\/paralelo10\/files\/2011\/04\/passaro_acev.jpg\" alt=\"\" width=\"336\" height=\"326\" srcset=\"https:\/\/ultimato.com.br\/sites\/paralelo10\/files\/2011\/04\/passaro_acev.jpg 480w, https:\/\/ultimato.com.br\/sites\/paralelo10\/files\/2011\/04\/passaro_acev-300x291.jpg 300w, https:\/\/ultimato.com.br\/sites\/paralelo10\/files\/2011\/04\/passaro_acev-150x145.jpg 150w\" sizes=\"auto, (max-width: 336px) 100vw, 336px\" \/><\/a><\/strong><\/span><\/p>\n<p>\u201c<span style=\"font-family: Arial, sans-serif;\">Do Senhor \u00e9 a terra e tudo o que nela existe\u201d (Salmo 24:1). Por isso, o crist\u00e3o deve estar mais preocupado com o meio ambiente do que o Green Peace. N\u00f3s da ACEV acreditamos que o meio ambiente deve estar inclu\u00eddo na agenda da miss\u00e3o integral da igreja, por isso tentamos colocar em pr\u00e1tica esta preocupa\u00e7\u00e3o de diversas formas na Fazenda Verdes Pastos, nosso carro chefe ambiental.<\/span><\/p>\n<p><span style=\"font-family: Arial, sans-serif;\"> L\u00e1, al\u00e9m de retiros e cursos de treinamento, \u00e9 mantido um projeto de preserva\u00e7\u00e3o da caatinga com duas reservas ecol\u00f3gicas para a gl\u00f3ria de Deus. O desafio \u00e9 casar um retiro de carnaval, com 412 participantes em 2011, que \u00e0s vezes trazem seus maus costumes de casa,<!--more--> com a preserva\u00e7\u00e3o das reservas do Papagaio e do Soc\u00f3-boi. A ACEV tem enfrentado isso como um processo educacional rigoroso. Eu registro fotograficamente as belezas do sert\u00e3o paraibano e publico as fotos na internet para incentivar as pessoas a observarem e verem que o Senhor \u00e9 bom e que o que ele nos deu na caatinga \u00e9 muito bom. Embora, muitas vezes, estas belezas passem despercebidas, ou pior, s\u00e3o at\u00e9 destru\u00eddas.<\/span><\/p>\n<p><span style=\"font-family: Arial, sans-serif;\">Conhe\u00e7a a galeria de fotos de John Medcraft <a href=\"http:\/\/www.flickr.com\/photos\/johnmedcraft\/ \" target=\"_blank\">aqui<\/a>.<\/span><\/p>\n<p><span style=\"font-family: Arial, sans-serif;\"><strong>John Medcraft <\/strong>\u00e9 pastor e presidente da Igreja A\u00e7\u00e3o Evang\u00e9lica<\/span><\/p>\n","protected":false},"excerpt":{"rendered":"<p>\u201cDo Senhor \u00e9 a terra e tudo o que nela existe\u201d (Salmo 24:1). Por isso, o crist\u00e3o deve estar mais preocupado com o meio ambiente do que o Green Peace. N\u00f3s da ACEV acreditamos que o meio ambiente deve estar inclu\u00eddo na agenda da miss\u00e3o integral da igreja, por isso tentamos colocar em pr\u00e1tica esta [&hellip;]<\/p>\n","protected":false},"author":2,"featured_media":0,"comment_status":"open","ping_status":"open","sticky":false,"template":"","format":"standard","meta":{"ngg_post_thumbnail":0,"footnotes":""},"categories":[32],"tags":[],"class_list":["post-1353","post","type-post","status-publish","format-standard","hentry","category-reflexoes"],"_links":{"self":[{"href":"https:\/\/ultimato.com.br\/sites\/paralelo10\/wp-json\/wp\/v2\/posts\/1353","targetHints":{"allow":["GET"]}}],"collection":[{"href":"https:\/\/ultimato.com.br\/sites\/paralelo10\/wp-json\/wp\/v2\/posts"}],"about":[{"href":"https:\/\/ultimato.com.br\/sites\/paralelo10\/wp-json\/wp\/v2\/types\/post"}],"author":[{"embeddable":true,"href":"https:\/\/ultimato.com.br\/sites\/paralelo10\/wp-json\/wp\/v2\/users\/2"}],"replies":[{"embeddable":true,"href":"https:\/\/ultimato.com.br\/sites\/paralelo10\/wp-json\/wp\/v2\/comments?post=1353"}],"version-history":[{"count":7,"href":"https:\/\/ultimato.com.br\/sites\/paralelo10\/wp-json\/wp\/v2\/posts\/1353\/revisions"}],"predecessor-version":[{"id":1413,"href":"https:\/\/ultimato.com.br\/sites\/paralelo10\/wp-json\/wp\/v2\/posts\/1353\/revisions\/1413"}],"wp:attachment":[{"href":"https:\/\/ultimato.com.br\/sites\/paralelo10\/wp-json\/wp\/v2\/media?parent=1353"}],"wp:term":[{"taxonomy":"category","embeddable":true,"href":"https:\/\/ultimato.com.br\/sites\/paralelo10\/wp-json\/wp\/v2\/categories?post=1353"},{"taxonomy":"post_tag","embeddable":true,"href":"https:\/\/ultimato.com.br\/sites\/paralelo10\/wp-json\/wp\/v2\/tags?post=1353"}],"curies":[{"name":"wp","href":"https:\/\/api.w.org\/{rel}","templated":true}]}}