{"id":1303,"date":"2011-03-14T11:28:54","date_gmt":"2011-03-14T14:28:54","guid":{"rendered":"http:\/\/ultimato.com.br\/sites\/paralelo10\/?p=1303"},"modified":"2011-03-14T11:29:24","modified_gmt":"2011-03-14T14:29:24","slug":"noticias-de-borba-am","status":"publish","type":"post","link":"https:\/\/ultimato.com.br\/sites\/paralelo10\/2011\/03\/noticias-de-borba-am\/","title":{"rendered":"Not\u00edcias de Borba, AM"},"content":{"rendered":"<p><a href=\"http:\/\/ultimato.com.br\/sites\/paralelo10\/files\/2011\/03\/pastores_Borba.jpg\" class=\"lightview\" data-lightview-group=\"group-1303\" data-lightview-options=\"skin: 'dark', controls: 'relative', padding: '10', shadow: { color: '#000000', opacity: 0.08, blur: 3 }\" data-lightview-title=\"pastores_Borba\"><img loading=\"lazy\" decoding=\"async\" class=\"alignleft size-full wp-image-1312\" title=\"pastores_Borba\" src=\"http:\/\/ultimato.com.br\/sites\/paralelo10\/files\/2011\/03\/pastores_Borba.jpg\" alt=\"\" width=\"314\" height=\"235\" srcset=\"https:\/\/ultimato.com.br\/sites\/paralelo10\/files\/2011\/03\/pastores_Borba.jpg 314w, https:\/\/ultimato.com.br\/sites\/paralelo10\/files\/2011\/03\/pastores_Borba-300x224.jpg 300w, https:\/\/ultimato.com.br\/sites\/paralelo10\/files\/2011\/03\/pastores_Borba-150x112.jpg 150w\" sizes=\"auto, (max-width: 314px) 100vw, 314px\" \/><\/a>Recebemos uma visita animadora em Janeiro. 12 seminaristas de v\u00e1rios semin\u00e1rios Presbiterianos no Brasil passaram 4 dias aqui em Borba evangelizando na cidade e em entre os ribeirinhos e fazendo culto para experi\u00eancia deles e ben\u00e7\u00e3o ao nosso trabalho. Eles vieram sob a dire\u00e7\u00e3o do Rev. Marcos Andr\u00e9, diretor do Semin\u00e1rio Presbiteriano do Norte em Recife e do Rev. Jaime Marcelino, pastor da Igreja Presbiteriana de Cidade Nova em Manaus e na companhia do Rev. Jos\u00e9 Alex, professor do Semin\u00e1rio em Teresina. Foram dias maravilhosos<!--more-->, muito alegres e cheio de novas experi\u00eancias para eles. A Congrega\u00e7\u00e3o em Borba correu muito para hospedar, alimentar e dar a esses irm\u00e3os bons momentos em meio \u00e0s peculiaridades e dificuldades do interior amazonense. Agradecemos a escolha dos pastores em vir ao nosso campo e tamb\u00e9m a Deus por t\u00ea-los feito vir a n\u00f3s.<\/p>\n<p>Falta apenas trocar uma pe\u00e7a do nosso &#8220;barquinho&#8221; para podermos negociar num terreno. Vamos comprar a pe\u00e7a em Manaus e o mec\u00e2nico aqui em Borba vai terminar de montar o motor do barco, a\u00ed estaremos prontos para terminar o sufoco com o Esperan\u00e7a. Com a vinda dos seminaristas pra c\u00e1, alugamos um barco e viajamos com eles ao interior e vimos que para nossa situa\u00e7\u00e3o atual na Congrega\u00e7\u00e3o, esse \u00e9 o meio mais adequado para evangelizarmos os ribeirinhos. N\u00e3o queremos parar com as viagens \u00e0s comunidades, mas n\u00e3o temos condi\u00e7\u00f5es financeiras e de pessoal para cuidarmos de um barquinho pr\u00f3prio. Gostamos demais da experi\u00eancia e pensamos em continuar fazendo assim depois de n\u00e3o termos mais o barquinho.<\/p>\n<p><a href=\"http:\/\/ultimato.com.br\/sites\/paralelo10\/files\/2011\/03\/pastores_Borba2.jpg\" class=\"lightview\" data-lightview-group=\"group-1303\" data-lightview-options=\"skin: 'dark', controls: 'relative', padding: '10', shadow: { color: '#000000', opacity: 0.08, blur: 3 }\" data-lightview-title=\"pastores_Borba2\"><img loading=\"lazy\" decoding=\"async\" class=\"aligncenter size-full wp-image-1313\" title=\"pastores_Borba2\" src=\"http:\/\/ultimato.com.br\/sites\/paralelo10\/files\/2011\/03\/pastores_Borba2.jpg\" alt=\"\" width=\"314\" height=\"235\" srcset=\"https:\/\/ultimato.com.br\/sites\/paralelo10\/files\/2011\/03\/pastores_Borba2.jpg 314w, https:\/\/ultimato.com.br\/sites\/paralelo10\/files\/2011\/03\/pastores_Borba2-300x224.jpg 300w, https:\/\/ultimato.com.br\/sites\/paralelo10\/files\/2011\/03\/pastores_Borba2-150x112.jpg 150w\" sizes=\"auto, (max-width: 314px) 100vw, 314px\" \/><\/a><\/p>\n<p><strong>Willians da Silva Borba<\/strong>, \u00e9 pastor da Igreja Presbiteriana do Brasil e \u00e9 casado com Suelen. Ela \u00e9 paraibana de Jo\u00e3o Pessoa e ele \u00e9 paulistano. Eles trabalham com uma congrega\u00e7\u00e3o em Borba no Amazonas.<\/p>\n<p>Conhe\u00e7a mais deste trabalho no blog <a href=\"http:\/\/www.missoesemborba.blogspot.com\">www.missoesemborba.blogspot.com<\/a><\/p>\n","protected":false},"excerpt":{"rendered":"<p>Recebemos uma visita animadora em Janeiro. 12 seminaristas de v\u00e1rios semin\u00e1rios Presbiterianos no Brasil passaram 4 dias aqui em Borba evangelizando na cidade e em entre os ribeirinhos e fazendo culto para experi\u00eancia deles e ben\u00e7\u00e3o ao nosso trabalho. Eles vieram sob a dire\u00e7\u00e3o do Rev. Marcos Andr\u00e9, diretor do Semin\u00e1rio Presbiteriano do Norte em [&hellip;]<\/p>\n","protected":false},"author":2,"featured_media":0,"comment_status":"open","ping_status":"open","sticky":false,"template":"","format":"standard","meta":{"ngg_post_thumbnail":0,"footnotes":""},"categories":[7],"tags":[],"class_list":["post-1303","post","type-post","status-publish","format-standard","hentry","category-noticias"],"_links":{"self":[{"href":"https:\/\/ultimato.com.br\/sites\/paralelo10\/wp-json\/wp\/v2\/posts\/1303","targetHints":{"allow":["GET"]}}],"collection":[{"href":"https:\/\/ultimato.com.br\/sites\/paralelo10\/wp-json\/wp\/v2\/posts"}],"about":[{"href":"https:\/\/ultimato.com.br\/sites\/paralelo10\/wp-json\/wp\/v2\/types\/post"}],"author":[{"embeddable":true,"href":"https:\/\/ultimato.com.br\/sites\/paralelo10\/wp-json\/wp\/v2\/users\/2"}],"replies":[{"embeddable":true,"href":"https:\/\/ultimato.com.br\/sites\/paralelo10\/wp-json\/wp\/v2\/comments?post=1303"}],"version-history":[{"count":4,"href":"https:\/\/ultimato.com.br\/sites\/paralelo10\/wp-json\/wp\/v2\/posts\/1303\/revisions"}],"predecessor-version":[{"id":1316,"href":"https:\/\/ultimato.com.br\/sites\/paralelo10\/wp-json\/wp\/v2\/posts\/1303\/revisions\/1316"}],"wp:attachment":[{"href":"https:\/\/ultimato.com.br\/sites\/paralelo10\/wp-json\/wp\/v2\/media?parent=1303"}],"wp:term":[{"taxonomy":"category","embeddable":true,"href":"https:\/\/ultimato.com.br\/sites\/paralelo10\/wp-json\/wp\/v2\/categories?post=1303"},{"taxonomy":"post_tag","embeddable":true,"href":"https:\/\/ultimato.com.br\/sites\/paralelo10\/wp-json\/wp\/v2\/tags?post=1303"}],"curies":[{"name":"wp","href":"https:\/\/api.w.org\/{rel}","templated":true}]}}