{"id":1296,"date":"2011-03-04T11:31:13","date_gmt":"2011-03-04T14:31:13","guid":{"rendered":"http:\/\/ultimato.com.br\/sites\/paralelo10\/?p=1296"},"modified":"2011-03-04T11:31:13","modified_gmt":"2011-03-04T14:31:13","slug":"ministerio-de-acao-social-igreja-presbiteriana-de-barreiras-ba","status":"publish","type":"post","link":"https:\/\/ultimato.com.br\/sites\/paralelo10\/2011\/03\/ministerio-de-acao-social-igreja-presbiteriana-de-barreiras-ba\/","title":{"rendered":"Minist\u00e9rio de A\u00e7\u00e3o Social, Igreja Presbiteriana de Barreiras, BA"},"content":{"rendered":"<p>Este v\u00eddeo foi enviado por Dany Adlay. Ela \u00e9 participante do Paralelo 10 e tem trabalhado no Minist\u00e9rio de A\u00e7\u00e3o Social de sua igreja.<\/p>\n<p>Envie testemunhos, fotos e v\u00eddeos do que sua igreja tem feito. Quem sabe sua igreja aparece aqui.<\/p>\n<p>Que Deus continue aben\u00e7oando seu povo e o trabalho feito pelo Brasil afora.<\/p>\n<p><img src=\"https:\/\/ultimato.com.br\/sites\/paralelo10\/wp-content\/plugins\/lightview-plus\/img\/novideo.png\" width=\"300\" height=\"168\" alt=\"Video not available\" \/><br \/><div style=\"background-color:#FFC0CB; border:1px solid silver; color:#110000; margin:0 0 1.5em; overflow:auto; padding: 3px;\">\n\t\t\t\t\t\t\t\t<strong>Provider:<\/strong>  <br \/>\n\t\t\t\t\t\t\t\t<strong>Title:<\/strong>  <br \/>\n\t\t\t\t\t\t\t\t<strong>Thumbnail URL:<\/strong>  <br \/>\n\t\t\t\t\t\t\t\t<strong>Embed URL:<\/strong>  <br \/>\n\t\t\t\t\t\t\t\t<strong>Link:<\/strong>  <br \/>\n\t\t\t\t\t\t\t\t<strong>Width:<\/strong>  px<br \/>\n\t\t\t\t\t\t\t\t<strong>Height:<\/strong>  px<br \/>\n\t\t\t\t\t\t\t\t<strong>Got data @:<\/strong> 27.4.2026 01:50:32<br \/>\n\t\t\t\t\t\t\t<\/div><\/p>\n","protected":false},"excerpt":{"rendered":"<p>Este v\u00eddeo foi enviado por Dany Adlay. Ela \u00e9 participante do Paralelo 10 e tem trabalhado no Minist\u00e9rio de A\u00e7\u00e3o Social de sua igreja. Envie testemunhos, fotos e v\u00eddeos do que sua igreja tem feito. Quem sabe sua igreja aparece aqui. Que Deus continue aben\u00e7oando seu povo e o trabalho feito pelo Brasil afora. Provider: [&hellip;]<\/p>\n","protected":false},"author":2,"featured_media":0,"comment_status":"open","ping_status":"open","sticky":false,"template":"","format":"standard","meta":{"ngg_post_thumbnail":0,"footnotes":""},"categories":[6],"tags":[],"class_list":["post-1296","post","type-post","status-publish","format-standard","hentry","category-bom-tempero"],"_links":{"self":[{"href":"https:\/\/ultimato.com.br\/sites\/paralelo10\/wp-json\/wp\/v2\/posts\/1296","targetHints":{"allow":["GET"]}}],"collection":[{"href":"https:\/\/ultimato.com.br\/sites\/paralelo10\/wp-json\/wp\/v2\/posts"}],"about":[{"href":"https:\/\/ultimato.com.br\/sites\/paralelo10\/wp-json\/wp\/v2\/types\/post"}],"author":[{"embeddable":true,"href":"https:\/\/ultimato.com.br\/sites\/paralelo10\/wp-json\/wp\/v2\/users\/2"}],"replies":[{"embeddable":true,"href":"https:\/\/ultimato.com.br\/sites\/paralelo10\/wp-json\/wp\/v2\/comments?post=1296"}],"version-history":[{"count":1,"href":"https:\/\/ultimato.com.br\/sites\/paralelo10\/wp-json\/wp\/v2\/posts\/1296\/revisions"}],"predecessor-version":[{"id":1297,"href":"https:\/\/ultimato.com.br\/sites\/paralelo10\/wp-json\/wp\/v2\/posts\/1296\/revisions\/1297"}],"wp:attachment":[{"href":"https:\/\/ultimato.com.br\/sites\/paralelo10\/wp-json\/wp\/v2\/media?parent=1296"}],"wp:term":[{"taxonomy":"category","embeddable":true,"href":"https:\/\/ultimato.com.br\/sites\/paralelo10\/wp-json\/wp\/v2\/categories?post=1296"},{"taxonomy":"post_tag","embeddable":true,"href":"https:\/\/ultimato.com.br\/sites\/paralelo10\/wp-json\/wp\/v2\/tags?post=1296"}],"curies":[{"name":"wp","href":"https:\/\/api.w.org\/{rel}","templated":true}]}}