{"id":1285,"date":"2011-02-28T11:19:20","date_gmt":"2011-02-28T14:19:20","guid":{"rendered":"http:\/\/ultimato.com.br\/sites\/paralelo10\/?p=1285"},"modified":"2011-03-02T09:31:34","modified_gmt":"2011-03-02T12:31:34","slug":"noticias-de-leonizia-e-markus","status":"publish","type":"post","link":"https:\/\/ultimato.com.br\/sites\/paralelo10\/2011\/02\/noticias-de-leonizia-e-markus\/","title":{"rendered":"Not\u00edcias de Leon\u00edzia e Markus"},"content":{"rendered":"<p><a href=\"http:\/\/ultimato.com.br\/sites\/paralelo10\/files\/2011\/02\/Leo_markus.jpg\" class=\"lightview\" data-lightview-group=\"group-1285\" data-lightview-options=\"skin: 'dark', controls: 'relative', padding: '10', shadow: { color: '#000000', opacity: 0.08, blur: 3 }\" data-lightview-title=\"Leo_markus\"><img loading=\"lazy\" decoding=\"async\" class=\"alignleft size-full wp-image-1286\" title=\"Leo_markus\" src=\"http:\/\/ultimato.com.br\/sites\/paralelo10\/files\/2011\/02\/Leo_markus.jpg\" alt=\"\" width=\"271\" height=\"203\" srcset=\"https:\/\/ultimato.com.br\/sites\/paralelo10\/files\/2011\/02\/Leo_markus.jpg 452w, https:\/\/ultimato.com.br\/sites\/paralelo10\/files\/2011\/02\/Leo_markus-300x225.jpg 300w, https:\/\/ultimato.com.br\/sites\/paralelo10\/files\/2011\/02\/Leo_markus-150x112.jpg 150w\" sizes=\"auto, (max-width: 271px) 100vw, 271px\" \/><\/a>Este ano estaremos trabalhando em parceria com o Centro de Treinamento Ami, uma escola b\u00edblica\u00a0para ind\u00edgenas no Centro Oeste do Brasil. Markus e eu ministraremos mat\u00e9rias aos alunos e participaremos de todas as atividades da Escola.<\/p>\n<p>Queremos aprender e servir este lugar pelo per\u00edodo de um ano. Continuamos a fazer parte do Amanaj\u00e9 e por recomenda\u00e7\u00e3o do projeto passaremos um ano num minist\u00e9rio que n\u00e3o seja em aldeia, j\u00e1 que somos rec\u00e9m casados. Neste tempo estamos sendo acompanhados pela nossa lideran\u00e7a.<\/p>\n<p>Este ano tamb\u00e9m pretendemos nos envolver com as iniciativas do Conselho Nacional de Pastores e L\u00edderes Evang\u00e9licos Ind\u00edgenas (<a href=\"http:\/\/www.conplei.org.br\/\">CONPLEI<\/a>), e participaremos de alguns eventos ligados ao mesmo do decorrer do ano.<\/p>\n<p>Agradecemos a todos que tem orado por nossa vida e minist\u00e9rio.<\/p>\n<p>Leon\u00edzia \u00e9 ind\u00edgena da etnia Tukano e natural de S\u00e3o Gabriel da Cahoeira, AM. Ela fez mestrado no Centro Evang\u00e9lico de Miss\u00f5es (CEM) como bolsista do Paralelo 10.<\/p>\n","protected":false},"excerpt":{"rendered":"<p>Este ano estaremos trabalhando em parceria com o Centro de Treinamento Ami, uma escola b\u00edblica\u00a0para ind\u00edgenas no Centro Oeste do Brasil. Markus e eu ministraremos mat\u00e9rias aos alunos e participaremos de todas as atividades da Escola. Queremos aprender e servir este lugar pelo per\u00edodo de um ano. Continuamos a fazer parte do Amanaj\u00e9 e por [&hellip;]<\/p>\n","protected":false},"author":2,"featured_media":0,"comment_status":"open","ping_status":"open","sticky":false,"template":"","format":"standard","meta":{"ngg_post_thumbnail":0,"footnotes":""},"categories":[7],"tags":[],"class_list":["post-1285","post","type-post","status-publish","format-standard","hentry","category-noticias"],"_links":{"self":[{"href":"https:\/\/ultimato.com.br\/sites\/paralelo10\/wp-json\/wp\/v2\/posts\/1285","targetHints":{"allow":["GET"]}}],"collection":[{"href":"https:\/\/ultimato.com.br\/sites\/paralelo10\/wp-json\/wp\/v2\/posts"}],"about":[{"href":"https:\/\/ultimato.com.br\/sites\/paralelo10\/wp-json\/wp\/v2\/types\/post"}],"author":[{"embeddable":true,"href":"https:\/\/ultimato.com.br\/sites\/paralelo10\/wp-json\/wp\/v2\/users\/2"}],"replies":[{"embeddable":true,"href":"https:\/\/ultimato.com.br\/sites\/paralelo10\/wp-json\/wp\/v2\/comments?post=1285"}],"version-history":[{"count":6,"href":"https:\/\/ultimato.com.br\/sites\/paralelo10\/wp-json\/wp\/v2\/posts\/1285\/revisions"}],"predecessor-version":[{"id":1289,"href":"https:\/\/ultimato.com.br\/sites\/paralelo10\/wp-json\/wp\/v2\/posts\/1285\/revisions\/1289"}],"wp:attachment":[{"href":"https:\/\/ultimato.com.br\/sites\/paralelo10\/wp-json\/wp\/v2\/media?parent=1285"}],"wp:term":[{"taxonomy":"category","embeddable":true,"href":"https:\/\/ultimato.com.br\/sites\/paralelo10\/wp-json\/wp\/v2\/categories?post=1285"},{"taxonomy":"post_tag","embeddable":true,"href":"https:\/\/ultimato.com.br\/sites\/paralelo10\/wp-json\/wp\/v2\/tags?post=1285"}],"curies":[{"name":"wp","href":"https:\/\/api.w.org\/{rel}","templated":true}]}}